{"id":4731,"date":"2026-04-30T11:54:26","date_gmt":"2026-04-30T11:54:26","guid":{"rendered":"https:\/\/blueseal-aircurtains.com\/2026\/04\/30\/thermo-king-publie-une-etude-de-cas-sur-les-rideaux-dair-blueseal-avec-kuna-foodservice\/"},"modified":"2026-04-30T11:54:26","modified_gmt":"2026-04-30T11:54:26","slug":"thermo-king-publie-une-etude-de-cas-sur-les-rideaux-dair-blueseal-avec-kuna-foodservice","status":"publish","type":"post","link":"https:\/\/blueseal-aircurtains.com\/fr\/2026\/04\/30\/thermo-king-publie-une-etude-de-cas-sur-les-rideaux-dair-blueseal-avec-kuna-foodservice\/","title":{"rendered":"Thermo King publie une \u00e9tude de cas sur les rideaux d\u2019air BlueSeal avec KUNA Foodservice"},"content":{"rendered":"<p>En tant que distributeur exclusif aux \u00c9tats-Unis, <a href=\"https:\/\/www.thermoking.com\/\">Thermo King<\/a> a introduit les rideaux d\u2019air BlueSeal aupr\u00e8s de ses clients dans le cadre de son engagement continu \u00e0 am\u00e9liorer l\u2019efficacit\u00e9 \u00e9nerg\u00e9tique de ses groupes frigorifiques.<\/p>\n<p>Thermo King a publi\u00e9 une \u00e9tude de cas consacr\u00e9e \u00e0 <a href=\"https:\/\/kunafoodservice.com\/\">KUNA Foodservice.<\/a> . Cette \u00e9tude met en avant les avantages de l\u2019installation de BlueSeal au sein de leur flotte, notamment la r\u00e9duction des co\u00fbts \u00e9nerg\u00e9tiques, une r\u00e9cup\u00e9ration plus rapide de la temp\u00e9rature et des retours positifs de la part des conducteurs.<\/p>\n<h2><i>\u00abDans le secteur de la restauration, la ma\u00eetrise de la cha\u00eene du froid est essentielle pour garantir la s\u00e9curit\u00e9 alimentaire. Le rideau d\u2019air permet de pr\u00e9server cette cha\u00eene du froid, tout en assurant un retour plus rapide \u00e0 la temp\u00e9rature cible et en limitant les effets de l\u2019humidit\u00e9.\u00bb<\/i><i><\/i><\/h2>\n<h3><b>Jim Patterson, directeur de flotte chez KUNA<\/b><\/h3>\n<p>&nbsp;<\/p>\n<p>Nous sommes ravis de voir des clients aux \u00c9tats-Unis adopter cette technologie et nous nous r\u00e9jouissons de voir davantage d\u2019op\u00e9rateurs b\u00e9n\u00e9ficier d\u2019une cha\u00eene du froid optimis\u00e9e gr\u00e2ce \u00e0 la collaboration entre Thermo King et BlueSeal.<\/p>\n<p><strong>Consultez l\u2019\u00e9tude de cas compl\u00e8te sur le site de <a href=\"https:\/\/www.thermoking.com\/na\/en\/newsroom\/customer-story\/kuna-air-curtains.html?utm_medium=organic-social&amp;utm_source=linkedin&amp;utm_campaign=kuna-air-curtains\">Thermo King (texte en anglais)<\/a>.<\/strong><\/p>\n","protected":false},"excerpt":{"rendered":"<p>Thermo King a publi\u00e9 une \u00e9tude de cas consacr\u00e9e \u00e0 KUNA Foodservice. . Cette \u00e9tude met en avant les avantages de l\u2019installation de BlueSeal au sein de leur flotte, notamment la r\u00e9duction des co\u00fbts \u00e9nerg\u00e9tiques, une r\u00e9cup\u00e9ration plus rapide de la temp\u00e9rature et des retours positifs de la part des conducteurs. <\/p>\n","protected":false},"author":4,"featured_media":991,"comment_status":"closed","ping_status":"closed","sticky":false,"template":"","format":"standard","meta":{"inline_featured_image":false,"footnotes":""},"categories":[45],"tags":[],"class_list":["post-4731","post","type-post","status-publish","format-standard","has-post-thumbnail","hentry","category-news-fr"],"acf":[],"yoast_head":"<!-- This site is optimized with the Yoast SEO plugin v27.4 - https:\/\/yoast.com\/product\/yoast-seo-wordpress\/ -->\n<title>Thermo King publie une \u00e9tude de cas sur les rideaux d\u2019air BlueSeal avec KUNA Foodservice &#8211; BlueSeal air curtains by Brightec BV<\/title>\n<meta name=\"robots\" content=\"index, follow, max-snippet:-1, max-image-preview:large, max-video-preview:-1\" \/>\n<link rel=\"canonical\" href=\"https:\/\/blueseal-aircurtains.com\/fr\/2026\/04\/30\/thermo-king-publie-une-etude-de-cas-sur-les-rideaux-dair-blueseal-avec-kuna-foodservice\/\" \/>\n<meta property=\"og:locale\" content=\"fr_FR\" \/>\n<meta property=\"og:type\" content=\"article\" \/>\n<meta property=\"og:title\" content=\"Thermo King publie une \u00e9tude de cas sur les rideaux d\u2019air BlueSeal avec KUNA Foodservice &#8211; BlueSeal air curtains by Brightec BV\" \/>\n<meta property=\"og:description\" content=\"Thermo King a publi\u00e9 une \u00e9tude de cas consacr\u00e9e \u00e0 KUNA Foodservice. . Cette \u00e9tude met en avant les avantages de l\u2019installation de BlueSeal au sein de leur flotte, notamment la r\u00e9duction des co\u00fbts \u00e9nerg\u00e9tiques, une r\u00e9cup\u00e9ration plus rapide de la temp\u00e9rature et des retours positifs de la part des conducteurs.\" \/>\n<meta property=\"og:url\" content=\"https:\/\/blueseal-aircurtains.com\/fr\/2026\/04\/30\/thermo-king-publie-une-etude-de-cas-sur-les-rideaux-dair-blueseal-avec-kuna-foodservice\/\" \/>\n<meta property=\"og:site_name\" content=\"BlueSeal air curtains by Brightec BV\" \/>\n<meta property=\"article:publisher\" content=\"https:\/\/www.facebook.com\/brightecbv\" \/>\n<meta property=\"article:published_time\" content=\"2026-04-30T11:54:26+00:00\" \/>\n<meta property=\"og:image\" content=\"https:\/\/blueseal-aircurtains.com\/wp-content\/uploads\/2024\/09\/thermoking.png\" \/>\n\t<meta property=\"og:image:width\" content=\"624\" \/>\n\t<meta property=\"og:image:height\" content=\"344\" \/>\n\t<meta property=\"og:image:type\" content=\"image\/png\" \/>\n<meta name=\"author\" content=\"joe\" \/>\n<meta name=\"twitter:card\" content=\"summary_large_image\" \/>\n<meta name=\"twitter:creator\" content=\"@BrightecBv\" \/>\n<meta name=\"twitter:site\" content=\"@BrightecBv\" \/>\n<meta name=\"twitter:label1\" content=\"\u00c9crit par\" \/>\n\t<meta name=\"twitter:data1\" content=\"joe\" \/>\n\t<meta name=\"twitter:label2\" content=\"Dur\u00e9e de lecture estim\u00e9e\" \/>\n\t<meta name=\"twitter:data2\" content=\"1 minute\" \/>\n<script type=\"application\/ld+json\" class=\"yoast-schema-graph\">{\"@context\":\"https:\\\/\\\/schema.org\",\"@graph\":[{\"@type\":\"Article\",\"@id\":\"https:\\\/\\\/blueseal-aircurtains.com\\\/fr\\\/2026\\\/04\\\/30\\\/thermo-king-publie-une-etude-de-cas-sur-les-rideaux-dair-blueseal-avec-kuna-foodservice\\\/#article\",\"isPartOf\":{\"@id\":\"https:\\\/\\\/blueseal-aircurtains.com\\\/fr\\\/2026\\\/04\\\/30\\\/thermo-king-publie-une-etude-de-cas-sur-les-rideaux-dair-blueseal-avec-kuna-foodservice\\\/\"},\"author\":{\"name\":\"joe\",\"@id\":\"https:\\\/\\\/blueseal-aircurtains.com\\\/fr\\\/#\\\/schema\\\/person\\\/71c601725e12ece28f5c081951ab74b1\"},\"headline\":\"Thermo King publie une \u00e9tude de cas sur les rideaux d\u2019air BlueSeal avec KUNA Foodservice\",\"datePublished\":\"2026-04-30T11:54:26+00:00\",\"mainEntityOfPage\":{\"@id\":\"https:\\\/\\\/blueseal-aircurtains.com\\\/fr\\\/2026\\\/04\\\/30\\\/thermo-king-publie-une-etude-de-cas-sur-les-rideaux-dair-blueseal-avec-kuna-foodservice\\\/\"},\"wordCount\":233,\"publisher\":{\"@id\":\"https:\\\/\\\/blueseal-aircurtains.com\\\/fr\\\/#organization\"},\"image\":{\"@id\":\"https:\\\/\\\/blueseal-aircurtains.com\\\/fr\\\/2026\\\/04\\\/30\\\/thermo-king-publie-une-etude-de-cas-sur-les-rideaux-dair-blueseal-avec-kuna-foodservice\\\/#primaryimage\"},\"thumbnailUrl\":\"https:\\\/\\\/blueseal-aircurtains.com\\\/wp-content\\\/uploads\\\/2024\\\/09\\\/thermoking.png\",\"articleSection\":[\"actualites\"],\"inLanguage\":\"fr-FR\"},{\"@type\":\"WebPage\",\"@id\":\"https:\\\/\\\/blueseal-aircurtains.com\\\/fr\\\/2026\\\/04\\\/30\\\/thermo-king-publie-une-etude-de-cas-sur-les-rideaux-dair-blueseal-avec-kuna-foodservice\\\/\",\"url\":\"https:\\\/\\\/blueseal-aircurtains.com\\\/fr\\\/2026\\\/04\\\/30\\\/thermo-king-publie-une-etude-de-cas-sur-les-rideaux-dair-blueseal-avec-kuna-foodservice\\\/\",\"name\":\"Thermo King publie une \u00e9tude de cas sur les rideaux d\u2019air BlueSeal avec KUNA Foodservice &#8211; BlueSeal air curtains by Brightec BV\",\"isPartOf\":{\"@id\":\"https:\\\/\\\/blueseal-aircurtains.com\\\/fr\\\/#website\"},\"primaryImageOfPage\":{\"@id\":\"https:\\\/\\\/blueseal-aircurtains.com\\\/fr\\\/2026\\\/04\\\/30\\\/thermo-king-publie-une-etude-de-cas-sur-les-rideaux-dair-blueseal-avec-kuna-foodservice\\\/#primaryimage\"},\"image\":{\"@id\":\"https:\\\/\\\/blueseal-aircurtains.com\\\/fr\\\/2026\\\/04\\\/30\\\/thermo-king-publie-une-etude-de-cas-sur-les-rideaux-dair-blueseal-avec-kuna-foodservice\\\/#primaryimage\"},\"thumbnailUrl\":\"https:\\\/\\\/blueseal-aircurtains.com\\\/wp-content\\\/uploads\\\/2024\\\/09\\\/thermoking.png\",\"datePublished\":\"2026-04-30T11:54:26+00:00\",\"breadcrumb\":{\"@id\":\"https:\\\/\\\/blueseal-aircurtains.com\\\/fr\\\/2026\\\/04\\\/30\\\/thermo-king-publie-une-etude-de-cas-sur-les-rideaux-dair-blueseal-avec-kuna-foodservice\\\/#breadcrumb\"},\"inLanguage\":\"fr-FR\",\"potentialAction\":[{\"@type\":\"ReadAction\",\"target\":[\"https:\\\/\\\/blueseal-aircurtains.com\\\/fr\\\/2026\\\/04\\\/30\\\/thermo-king-publie-une-etude-de-cas-sur-les-rideaux-dair-blueseal-avec-kuna-foodservice\\\/\"]}]},{\"@type\":\"ImageObject\",\"inLanguage\":\"fr-FR\",\"@id\":\"https:\\\/\\\/blueseal-aircurtains.com\\\/fr\\\/2026\\\/04\\\/30\\\/thermo-king-publie-une-etude-de-cas-sur-les-rideaux-dair-blueseal-avec-kuna-foodservice\\\/#primaryimage\",\"url\":\"https:\\\/\\\/blueseal-aircurtains.com\\\/wp-content\\\/uploads\\\/2024\\\/09\\\/thermoking.png\",\"contentUrl\":\"https:\\\/\\\/blueseal-aircurtains.com\\\/wp-content\\\/uploads\\\/2024\\\/09\\\/thermoking.png\",\"width\":624,\"height\":344},{\"@type\":\"BreadcrumbList\",\"@id\":\"https:\\\/\\\/blueseal-aircurtains.com\\\/fr\\\/2026\\\/04\\\/30\\\/thermo-king-publie-une-etude-de-cas-sur-les-rideaux-dair-blueseal-avec-kuna-foodservice\\\/#breadcrumb\",\"itemListElement\":[{\"@type\":\"ListItem\",\"position\":1,\"name\":\"Home\",\"item\":\"https:\\\/\\\/blueseal-aircurtains.com\\\/fr\\\/\"},{\"@type\":\"ListItem\",\"position\":2,\"name\":\"Thermo King publie une \u00e9tude de cas sur les rideaux d\u2019air BlueSeal avec KUNA Foodservice\"}]},{\"@type\":\"WebSite\",\"@id\":\"https:\\\/\\\/blueseal-aircurtains.com\\\/fr\\\/#website\",\"url\":\"https:\\\/\\\/blueseal-aircurtains.com\\\/fr\\\/\",\"name\":\"BlueSeal air curtains by Brightec BV\",\"description\":\"Air curtains for temperature controlled transport\",\"publisher\":{\"@id\":\"https:\\\/\\\/blueseal-aircurtains.com\\\/fr\\\/#organization\"},\"alternateName\":\"Brightec B.V.\",\"potentialAction\":[{\"@type\":\"SearchAction\",\"target\":{\"@type\":\"EntryPoint\",\"urlTemplate\":\"https:\\\/\\\/blueseal-aircurtains.com\\\/fr\\\/?s={search_term_string}\"},\"query-input\":{\"@type\":\"PropertyValueSpecification\",\"valueRequired\":true,\"valueName\":\"search_term_string\"}}],\"inLanguage\":\"fr-FR\"},{\"@type\":\"Organization\",\"@id\":\"https:\\\/\\\/blueseal-aircurtains.com\\\/fr\\\/#organization\",\"name\":\"BlueSeal air curtains by Brightec BV\",\"alternateName\":\"Brightec B.V.\",\"url\":\"https:\\\/\\\/blueseal-aircurtains.com\\\/fr\\\/\",\"logo\":{\"@type\":\"ImageObject\",\"inLanguage\":\"fr-FR\",\"@id\":\"https:\\\/\\\/blueseal-aircurtains.com\\\/fr\\\/#\\\/schema\\\/logo\\\/image\\\/\",\"url\":\"https:\\\/\\\/blueseal-aircurtains.com\\\/wp-content\\\/uploads\\\/2024\\\/07\\\/blueseal-logo-colored.svg\",\"contentUrl\":\"https:\\\/\\\/blueseal-aircurtains.com\\\/wp-content\\\/uploads\\\/2024\\\/07\\\/blueseal-logo-colored.svg\",\"width\":240,\"height\":51,\"caption\":\"BlueSeal air curtains by Brightec BV\"},\"image\":{\"@id\":\"https:\\\/\\\/blueseal-aircurtains.com\\\/fr\\\/#\\\/schema\\\/logo\\\/image\\\/\"},\"sameAs\":[\"https:\\\/\\\/www.facebook.com\\\/brightecbv\",\"https:\\\/\\\/x.com\\\/BrightecBv\"]},{\"@type\":\"Person\",\"@id\":\"https:\\\/\\\/blueseal-aircurtains.com\\\/fr\\\/#\\\/schema\\\/person\\\/71c601725e12ece28f5c081951ab74b1\",\"name\":\"joe\",\"image\":{\"@type\":\"ImageObject\",\"inLanguage\":\"fr-FR\",\"@id\":\"https:\\\/\\\/secure.gravatar.com\\\/avatar\\\/68c42a352a5bb461e3807fed9f2c47d49f80268d827078858baef827e8a5afdc?s=96&d=mm&r=g\",\"url\":\"https:\\\/\\\/secure.gravatar.com\\\/avatar\\\/68c42a352a5bb461e3807fed9f2c47d49f80268d827078858baef827e8a5afdc?s=96&d=mm&r=g\",\"contentUrl\":\"https:\\\/\\\/secure.gravatar.com\\\/avatar\\\/68c42a352a5bb461e3807fed9f2c47d49f80268d827078858baef827e8a5afdc?s=96&d=mm&r=g\",\"caption\":\"joe\"},\"url\":\"https:\\\/\\\/blueseal-aircurtains.com\\\/fr\\\/author\\\/joe\\\/\"}]}<\/script>\n<!-- \/ Yoast SEO plugin. -->","yoast_head_json":{"title":"Thermo King publie une \u00e9tude de cas sur les rideaux d\u2019air BlueSeal avec KUNA Foodservice &#8211; BlueSeal air curtains by Brightec BV","robots":{"index":"index","follow":"follow","max-snippet":"max-snippet:-1","max-image-preview":"max-image-preview:large","max-video-preview":"max-video-preview:-1"},"canonical":"https:\/\/blueseal-aircurtains.com\/fr\/2026\/04\/30\/thermo-king-publie-une-etude-de-cas-sur-les-rideaux-dair-blueseal-avec-kuna-foodservice\/","og_locale":"fr_FR","og_type":"article","og_title":"Thermo King publie une \u00e9tude de cas sur les rideaux d\u2019air BlueSeal avec KUNA Foodservice &#8211; BlueSeal air curtains by Brightec BV","og_description":"Thermo King a publi\u00e9 une \u00e9tude de cas consacr\u00e9e \u00e0 KUNA Foodservice. . Cette \u00e9tude met en avant les avantages de l\u2019installation de BlueSeal au sein de leur flotte, notamment la r\u00e9duction des co\u00fbts \u00e9nerg\u00e9tiques, une r\u00e9cup\u00e9ration plus rapide de la temp\u00e9rature et des retours positifs de la part des conducteurs.","og_url":"https:\/\/blueseal-aircurtains.com\/fr\/2026\/04\/30\/thermo-king-publie-une-etude-de-cas-sur-les-rideaux-dair-blueseal-avec-kuna-foodservice\/","og_site_name":"BlueSeal air curtains by Brightec BV","article_publisher":"https:\/\/www.facebook.com\/brightecbv","article_published_time":"2026-04-30T11:54:26+00:00","og_image":[{"width":624,"height":344,"url":"https:\/\/blueseal-aircurtains.com\/wp-content\/uploads\/2024\/09\/thermoking.png","type":"image\/png"}],"author":"joe","twitter_card":"summary_large_image","twitter_creator":"@BrightecBv","twitter_site":"@BrightecBv","twitter_misc":{"\u00c9crit par":"joe","Dur\u00e9e de lecture estim\u00e9e":"1 minute"},"schema":{"@context":"https:\/\/schema.org","@graph":[{"@type":"Article","@id":"https:\/\/blueseal-aircurtains.com\/fr\/2026\/04\/30\/thermo-king-publie-une-etude-de-cas-sur-les-rideaux-dair-blueseal-avec-kuna-foodservice\/#article","isPartOf":{"@id":"https:\/\/blueseal-aircurtains.com\/fr\/2026\/04\/30\/thermo-king-publie-une-etude-de-cas-sur-les-rideaux-dair-blueseal-avec-kuna-foodservice\/"},"author":{"name":"joe","@id":"https:\/\/blueseal-aircurtains.com\/fr\/#\/schema\/person\/71c601725e12ece28f5c081951ab74b1"},"headline":"Thermo King publie une \u00e9tude de cas sur les rideaux d\u2019air BlueSeal avec KUNA Foodservice","datePublished":"2026-04-30T11:54:26+00:00","mainEntityOfPage":{"@id":"https:\/\/blueseal-aircurtains.com\/fr\/2026\/04\/30\/thermo-king-publie-une-etude-de-cas-sur-les-rideaux-dair-blueseal-avec-kuna-foodservice\/"},"wordCount":233,"publisher":{"@id":"https:\/\/blueseal-aircurtains.com\/fr\/#organization"},"image":{"@id":"https:\/\/blueseal-aircurtains.com\/fr\/2026\/04\/30\/thermo-king-publie-une-etude-de-cas-sur-les-rideaux-dair-blueseal-avec-kuna-foodservice\/#primaryimage"},"thumbnailUrl":"https:\/\/blueseal-aircurtains.com\/wp-content\/uploads\/2024\/09\/thermoking.png","articleSection":["actualites"],"inLanguage":"fr-FR"},{"@type":"WebPage","@id":"https:\/\/blueseal-aircurtains.com\/fr\/2026\/04\/30\/thermo-king-publie-une-etude-de-cas-sur-les-rideaux-dair-blueseal-avec-kuna-foodservice\/","url":"https:\/\/blueseal-aircurtains.com\/fr\/2026\/04\/30\/thermo-king-publie-une-etude-de-cas-sur-les-rideaux-dair-blueseal-avec-kuna-foodservice\/","name":"Thermo King publie une \u00e9tude de cas sur les rideaux d\u2019air BlueSeal avec KUNA Foodservice &#8211; BlueSeal air curtains by Brightec BV","isPartOf":{"@id":"https:\/\/blueseal-aircurtains.com\/fr\/#website"},"primaryImageOfPage":{"@id":"https:\/\/blueseal-aircurtains.com\/fr\/2026\/04\/30\/thermo-king-publie-une-etude-de-cas-sur-les-rideaux-dair-blueseal-avec-kuna-foodservice\/#primaryimage"},"image":{"@id":"https:\/\/blueseal-aircurtains.com\/fr\/2026\/04\/30\/thermo-king-publie-une-etude-de-cas-sur-les-rideaux-dair-blueseal-avec-kuna-foodservice\/#primaryimage"},"thumbnailUrl":"https:\/\/blueseal-aircurtains.com\/wp-content\/uploads\/2024\/09\/thermoking.png","datePublished":"2026-04-30T11:54:26+00:00","breadcrumb":{"@id":"https:\/\/blueseal-aircurtains.com\/fr\/2026\/04\/30\/thermo-king-publie-une-etude-de-cas-sur-les-rideaux-dair-blueseal-avec-kuna-foodservice\/#breadcrumb"},"inLanguage":"fr-FR","potentialAction":[{"@type":"ReadAction","target":["https:\/\/blueseal-aircurtains.com\/fr\/2026\/04\/30\/thermo-king-publie-une-etude-de-cas-sur-les-rideaux-dair-blueseal-avec-kuna-foodservice\/"]}]},{"@type":"ImageObject","inLanguage":"fr-FR","@id":"https:\/\/blueseal-aircurtains.com\/fr\/2026\/04\/30\/thermo-king-publie-une-etude-de-cas-sur-les-rideaux-dair-blueseal-avec-kuna-foodservice\/#primaryimage","url":"https:\/\/blueseal-aircurtains.com\/wp-content\/uploads\/2024\/09\/thermoking.png","contentUrl":"https:\/\/blueseal-aircurtains.com\/wp-content\/uploads\/2024\/09\/thermoking.png","width":624,"height":344},{"@type":"BreadcrumbList","@id":"https:\/\/blueseal-aircurtains.com\/fr\/2026\/04\/30\/thermo-king-publie-une-etude-de-cas-sur-les-rideaux-dair-blueseal-avec-kuna-foodservice\/#breadcrumb","itemListElement":[{"@type":"ListItem","position":1,"name":"Home","item":"https:\/\/blueseal-aircurtains.com\/fr\/"},{"@type":"ListItem","position":2,"name":"Thermo King publie une \u00e9tude de cas sur les rideaux d\u2019air BlueSeal avec KUNA Foodservice"}]},{"@type":"WebSite","@id":"https:\/\/blueseal-aircurtains.com\/fr\/#website","url":"https:\/\/blueseal-aircurtains.com\/fr\/","name":"BlueSeal air curtains by Brightec BV","description":"Air curtains for temperature controlled transport","publisher":{"@id":"https:\/\/blueseal-aircurtains.com\/fr\/#organization"},"alternateName":"Brightec B.V.","potentialAction":[{"@type":"SearchAction","target":{"@type":"EntryPoint","urlTemplate":"https:\/\/blueseal-aircurtains.com\/fr\/?s={search_term_string}"},"query-input":{"@type":"PropertyValueSpecification","valueRequired":true,"valueName":"search_term_string"}}],"inLanguage":"fr-FR"},{"@type":"Organization","@id":"https:\/\/blueseal-aircurtains.com\/fr\/#organization","name":"BlueSeal air curtains by Brightec BV","alternateName":"Brightec B.V.","url":"https:\/\/blueseal-aircurtains.com\/fr\/","logo":{"@type":"ImageObject","inLanguage":"fr-FR","@id":"https:\/\/blueseal-aircurtains.com\/fr\/#\/schema\/logo\/image\/","url":"https:\/\/blueseal-aircurtains.com\/wp-content\/uploads\/2024\/07\/blueseal-logo-colored.svg","contentUrl":"https:\/\/blueseal-aircurtains.com\/wp-content\/uploads\/2024\/07\/blueseal-logo-colored.svg","width":240,"height":51,"caption":"BlueSeal air curtains by Brightec BV"},"image":{"@id":"https:\/\/blueseal-aircurtains.com\/fr\/#\/schema\/logo\/image\/"},"sameAs":["https:\/\/www.facebook.com\/brightecbv","https:\/\/x.com\/BrightecBv"]},{"@type":"Person","@id":"https:\/\/blueseal-aircurtains.com\/fr\/#\/schema\/person\/71c601725e12ece28f5c081951ab74b1","name":"joe","image":{"@type":"ImageObject","inLanguage":"fr-FR","@id":"https:\/\/secure.gravatar.com\/avatar\/68c42a352a5bb461e3807fed9f2c47d49f80268d827078858baef827e8a5afdc?s=96&d=mm&r=g","url":"https:\/\/secure.gravatar.com\/avatar\/68c42a352a5bb461e3807fed9f2c47d49f80268d827078858baef827e8a5afdc?s=96&d=mm&r=g","contentUrl":"https:\/\/secure.gravatar.com\/avatar\/68c42a352a5bb461e3807fed9f2c47d49f80268d827078858baef827e8a5afdc?s=96&d=mm&r=g","caption":"joe"},"url":"https:\/\/blueseal-aircurtains.com\/fr\/author\/joe\/"}]}},"_links":{"self":[{"href":"https:\/\/blueseal-aircurtains.com\/fr\/wp-json\/wp\/v2\/posts\/4731","targetHints":{"allow":["GET"]}}],"collection":[{"href":"https:\/\/blueseal-aircurtains.com\/fr\/wp-json\/wp\/v2\/posts"}],"about":[{"href":"https:\/\/blueseal-aircurtains.com\/fr\/wp-json\/wp\/v2\/types\/post"}],"author":[{"embeddable":true,"href":"https:\/\/blueseal-aircurtains.com\/fr\/wp-json\/wp\/v2\/users\/4"}],"replies":[{"embeddable":true,"href":"https:\/\/blueseal-aircurtains.com\/fr\/wp-json\/wp\/v2\/comments?post=4731"}],"version-history":[{"count":0,"href":"https:\/\/blueseal-aircurtains.com\/fr\/wp-json\/wp\/v2\/posts\/4731\/revisions"}],"wp:featuredmedia":[{"embeddable":true,"href":"https:\/\/blueseal-aircurtains.com\/fr\/wp-json\/wp\/v2\/media\/991"}],"wp:attachment":[{"href":"https:\/\/blueseal-aircurtains.com\/fr\/wp-json\/wp\/v2\/media?parent=4731"}],"wp:term":[{"taxonomy":"category","embeddable":true,"href":"https:\/\/blueseal-aircurtains.com\/fr\/wp-json\/wp\/v2\/categories?post=4731"},{"taxonomy":"post_tag","embeddable":true,"href":"https:\/\/blueseal-aircurtains.com\/fr\/wp-json\/wp\/v2\/tags?post=4731"}],"curies":[{"name":"wp","href":"https:\/\/api.w.org\/{rel}","templated":true}]}}