{"id":4692,"date":"2025-11-14T09:10:18","date_gmt":"2025-11-14T09:10:18","guid":{"rendered":"https:\/\/blueseal-aircurtains.com\/?p=4692"},"modified":"2026-04-27T09:17:51","modified_gmt":"2026-04-27T09:17:51","slug":"blueseal-reduit-les-pertes-de-temperatures","status":"publish","type":"post","link":"https:\/\/blueseal-aircurtains.com\/fr\/2025\/11\/14\/blueseal-reduit-les-pertes-de-temperatures\/","title":{"rendered":"BlueSeal r\u00e9duit les pertes de temp\u00e9ratures"},"content":{"rendered":"<p>Un contr\u00f4le climatique plus intelligent pour les v\u00e9hicules frigorifiques favorise le maintien des temp\u00e9ratures de consignation.<\/p>\n<p>Limiter les pertes de temp\u00e9rature lors de l\u2019ouverture des portes, telle est l\u2019obsession des exploitants. La fonctionnalit\u00e9 BlueControl apporte plusieurs fonctions intelligentes dont un afficheur de minuterie qui sensibilise les conducteurs \u00e0 la dur\u00e9e d\u2019ouverture des portes. De plus, des capteurs de lumi\u00e8re int\u00e9gr\u00e9s d\u00e9tectent l&rsquo;ouverture des portes. Enfin, BlueControl assure une protection renforc\u00e9e de la batterie. Le service R&amp;D de BlueSeal travaille \u00e0 la prochaine \u00e9volution majeure du produit : un d\u00e9bit d\u2019air adaptable en fonction de param\u00e8tres tels que la taille du v\u00e9hicule, la configuration des portes ou les temp\u00e9ratures int\u00e9rieure et ext\u00e9rieure. Ce syst\u00e8me ajustera le flux d\u2019air en temps r\u00e9el, garantissant une barri\u00e8re climatique optimale en toute situation.<\/p>\n<p>Tom Opdam, dirigeant de BlueSeal, commente : \u00ab Ce d\u00e9veloppement est le fruit de recherches approfondies, d\u2019essais sur le terrain et de simulations avanc\u00e9es en dynamique des fluides num\u00e9rique (CFD), et aboutit \u00e0 notre syst\u00e8me le plus performant \u00e0 ce jour. \u00bb<\/p>\n<p>Cet article a \u00e9t\u00e9 initialement publi\u00e9 dans le magazine Froid News \u2013 novembre 2025 p 26. Vous pouvez lire l&rsquo;article original en cliquant sur ce lien<br \/>\n<a href=\"https:\/\/froid-news.com\/3d-flip-book\/froid-news-n59-novembre-2025\/\">https:\/\/froid-news.com\/3d-flip-book\/froid-news-n59-novembre-2025\/<\/a><\/p>\n","protected":false},"excerpt":{"rendered":"<p>Un contr\u00f4le climatique plus intelligent pour les v\u00e9hicules frigorifiques favorise le maintien des temp\u00e9ratures de consignation. Limiter les pertes de temp\u00e9rature lors de l\u2019ouverture des portes, telle est l\u2019obsession des exploitants. La fonctionnalit\u00e9 BlueControl apporte plusieurs fonctions intelligentes dont un afficheur de minuterie qui sensibilise&#8230;<\/p>\n","protected":false},"author":4,"featured_media":4699,"comment_status":"closed","ping_status":"closed","sticky":false,"template":"","format":"standard","meta":{"inline_featured_image":false,"footnotes":""},"categories":[44],"tags":[],"class_list":["post-4692","post","type-post","status-publish","format-standard","has-post-thumbnail","hentry","category-insights-fr"],"acf":[],"yoast_head":"<!-- This site is optimized with the Yoast SEO plugin v27.4 - https:\/\/yoast.com\/product\/yoast-seo-wordpress\/ -->\n<title>BlueSeal r\u00e9duit les pertes de temp\u00e9ratures &#8211; BlueSeal air curtains by Brightec BV<\/title>\n<meta name=\"robots\" content=\"index, follow, max-snippet:-1, max-image-preview:large, max-video-preview:-1\" \/>\n<link rel=\"canonical\" href=\"https:\/\/blueseal-aircurtains.com\/fr\/2025\/11\/14\/blueseal-reduit-les-pertes-de-temperatures\/\" \/>\n<meta property=\"og:locale\" content=\"fr_FR\" \/>\n<meta property=\"og:type\" content=\"article\" \/>\n<meta property=\"og:title\" content=\"BlueSeal r\u00e9duit les pertes de temp\u00e9ratures &#8211; BlueSeal air curtains by Brightec BV\" \/>\n<meta property=\"og:description\" content=\"Un contr\u00f4le climatique plus intelligent pour les v\u00e9hicules frigorifiques favorise le maintien des temp\u00e9ratures de consignation. Limiter les pertes de temp\u00e9rature lors de l\u2019ouverture des portes, telle est l\u2019obsession des exploitants. La fonctionnalit\u00e9 BlueControl apporte plusieurs fonctions intelligentes dont un afficheur de minuterie qui sensibilise...\" \/>\n<meta property=\"og:url\" content=\"https:\/\/blueseal-aircurtains.com\/fr\/2025\/11\/14\/blueseal-reduit-les-pertes-de-temperatures\/\" \/>\n<meta property=\"og:site_name\" content=\"BlueSeal air curtains by Brightec BV\" \/>\n<meta property=\"article:publisher\" content=\"https:\/\/www.facebook.com\/brightecbv\" \/>\n<meta property=\"article:published_time\" content=\"2025-11-14T09:10:18+00:00\" \/>\n<meta property=\"article:modified_time\" content=\"2026-04-27T09:17:51+00:00\" \/>\n<meta property=\"og:image\" content=\"https:\/\/blueseal-aircurtains.com\/wp-content\/uploads\/2025\/11\/fr-blog-froid.jpg\" \/>\n\t<meta property=\"og:image:width\" content=\"1182\" \/>\n\t<meta property=\"og:image:height\" content=\"667\" \/>\n\t<meta property=\"og:image:type\" content=\"image\/jpeg\" \/>\n<meta name=\"author\" content=\"joe\" \/>\n<meta name=\"twitter:card\" content=\"summary_large_image\" \/>\n<meta name=\"twitter:creator\" content=\"@BrightecBv\" \/>\n<meta name=\"twitter:site\" content=\"@BrightecBv\" \/>\n<meta name=\"twitter:label1\" content=\"\u00c9crit par\" \/>\n\t<meta name=\"twitter:data1\" content=\"joe\" \/>\n\t<meta name=\"twitter:label2\" content=\"Dur\u00e9e de lecture estim\u00e9e\" \/>\n\t<meta name=\"twitter:data2\" content=\"2 minutes\" \/>\n<script type=\"application\/ld+json\" class=\"yoast-schema-graph\">{\"@context\":\"https:\\\/\\\/schema.org\",\"@graph\":[{\"@type\":\"Article\",\"@id\":\"https:\\\/\\\/blueseal-aircurtains.com\\\/fr\\\/2025\\\/11\\\/14\\\/blueseal-reduit-les-pertes-de-temperatures\\\/#article\",\"isPartOf\":{\"@id\":\"https:\\\/\\\/blueseal-aircurtains.com\\\/fr\\\/2025\\\/11\\\/14\\\/blueseal-reduit-les-pertes-de-temperatures\\\/\"},\"author\":{\"name\":\"joe\",\"@id\":\"https:\\\/\\\/blueseal-aircurtains.com\\\/fr\\\/#\\\/schema\\\/person\\\/71c601725e12ece28f5c081951ab74b1\"},\"headline\":\"BlueSeal r\u00e9duit les pertes de temp\u00e9ratures\",\"datePublished\":\"2025-11-14T09:10:18+00:00\",\"dateModified\":\"2026-04-27T09:17:51+00:00\",\"mainEntityOfPage\":{\"@id\":\"https:\\\/\\\/blueseal-aircurtains.com\\\/fr\\\/2025\\\/11\\\/14\\\/blueseal-reduit-les-pertes-de-temperatures\\\/\"},\"wordCount\":232,\"publisher\":{\"@id\":\"https:\\\/\\\/blueseal-aircurtains.com\\\/fr\\\/#organization\"},\"image\":{\"@id\":\"https:\\\/\\\/blueseal-aircurtains.com\\\/fr\\\/2025\\\/11\\\/14\\\/blueseal-reduit-les-pertes-de-temperatures\\\/#primaryimage\"},\"thumbnailUrl\":\"https:\\\/\\\/blueseal-aircurtains.com\\\/wp-content\\\/uploads\\\/2025\\\/11\\\/fr-blog-froid.jpg\",\"articleSection\":[\"reflexion\"],\"inLanguage\":\"fr-FR\"},{\"@type\":\"WebPage\",\"@id\":\"https:\\\/\\\/blueseal-aircurtains.com\\\/fr\\\/2025\\\/11\\\/14\\\/blueseal-reduit-les-pertes-de-temperatures\\\/\",\"url\":\"https:\\\/\\\/blueseal-aircurtains.com\\\/fr\\\/2025\\\/11\\\/14\\\/blueseal-reduit-les-pertes-de-temperatures\\\/\",\"name\":\"BlueSeal r\u00e9duit les pertes de temp\u00e9ratures &#8211; BlueSeal air curtains by Brightec BV\",\"isPartOf\":{\"@id\":\"https:\\\/\\\/blueseal-aircurtains.com\\\/fr\\\/#website\"},\"primaryImageOfPage\":{\"@id\":\"https:\\\/\\\/blueseal-aircurtains.com\\\/fr\\\/2025\\\/11\\\/14\\\/blueseal-reduit-les-pertes-de-temperatures\\\/#primaryimage\"},\"image\":{\"@id\":\"https:\\\/\\\/blueseal-aircurtains.com\\\/fr\\\/2025\\\/11\\\/14\\\/blueseal-reduit-les-pertes-de-temperatures\\\/#primaryimage\"},\"thumbnailUrl\":\"https:\\\/\\\/blueseal-aircurtains.com\\\/wp-content\\\/uploads\\\/2025\\\/11\\\/fr-blog-froid.jpg\",\"datePublished\":\"2025-11-14T09:10:18+00:00\",\"dateModified\":\"2026-04-27T09:17:51+00:00\",\"breadcrumb\":{\"@id\":\"https:\\\/\\\/blueseal-aircurtains.com\\\/fr\\\/2025\\\/11\\\/14\\\/blueseal-reduit-les-pertes-de-temperatures\\\/#breadcrumb\"},\"inLanguage\":\"fr-FR\",\"potentialAction\":[{\"@type\":\"ReadAction\",\"target\":[\"https:\\\/\\\/blueseal-aircurtains.com\\\/fr\\\/2025\\\/11\\\/14\\\/blueseal-reduit-les-pertes-de-temperatures\\\/\"]}]},{\"@type\":\"ImageObject\",\"inLanguage\":\"fr-FR\",\"@id\":\"https:\\\/\\\/blueseal-aircurtains.com\\\/fr\\\/2025\\\/11\\\/14\\\/blueseal-reduit-les-pertes-de-temperatures\\\/#primaryimage\",\"url\":\"https:\\\/\\\/blueseal-aircurtains.com\\\/wp-content\\\/uploads\\\/2025\\\/11\\\/fr-blog-froid.jpg\",\"contentUrl\":\"https:\\\/\\\/blueseal-aircurtains.com\\\/wp-content\\\/uploads\\\/2025\\\/11\\\/fr-blog-froid.jpg\",\"width\":1182,\"height\":667},{\"@type\":\"BreadcrumbList\",\"@id\":\"https:\\\/\\\/blueseal-aircurtains.com\\\/fr\\\/2025\\\/11\\\/14\\\/blueseal-reduit-les-pertes-de-temperatures\\\/#breadcrumb\",\"itemListElement\":[{\"@type\":\"ListItem\",\"position\":1,\"name\":\"Home\",\"item\":\"https:\\\/\\\/blueseal-aircurtains.com\\\/fr\\\/\"},{\"@type\":\"ListItem\",\"position\":2,\"name\":\"BlueSeal r\u00e9duit les pertes de temp\u00e9ratures\"}]},{\"@type\":\"WebSite\",\"@id\":\"https:\\\/\\\/blueseal-aircurtains.com\\\/fr\\\/#website\",\"url\":\"https:\\\/\\\/blueseal-aircurtains.com\\\/fr\\\/\",\"name\":\"BlueSeal air curtains by Brightec BV\",\"description\":\"Air curtains for temperature controlled transport\",\"publisher\":{\"@id\":\"https:\\\/\\\/blueseal-aircurtains.com\\\/fr\\\/#organization\"},\"alternateName\":\"Brightec B.V.\",\"potentialAction\":[{\"@type\":\"SearchAction\",\"target\":{\"@type\":\"EntryPoint\",\"urlTemplate\":\"https:\\\/\\\/blueseal-aircurtains.com\\\/fr\\\/?s={search_term_string}\"},\"query-input\":{\"@type\":\"PropertyValueSpecification\",\"valueRequired\":true,\"valueName\":\"search_term_string\"}}],\"inLanguage\":\"fr-FR\"},{\"@type\":\"Organization\",\"@id\":\"https:\\\/\\\/blueseal-aircurtains.com\\\/fr\\\/#organization\",\"name\":\"BlueSeal air curtains by Brightec BV\",\"alternateName\":\"Brightec B.V.\",\"url\":\"https:\\\/\\\/blueseal-aircurtains.com\\\/fr\\\/\",\"logo\":{\"@type\":\"ImageObject\",\"inLanguage\":\"fr-FR\",\"@id\":\"https:\\\/\\\/blueseal-aircurtains.com\\\/fr\\\/#\\\/schema\\\/logo\\\/image\\\/\",\"url\":\"https:\\\/\\\/blueseal-aircurtains.com\\\/wp-content\\\/uploads\\\/2024\\\/07\\\/blueseal-logo-colored.svg\",\"contentUrl\":\"https:\\\/\\\/blueseal-aircurtains.com\\\/wp-content\\\/uploads\\\/2024\\\/07\\\/blueseal-logo-colored.svg\",\"width\":240,\"height\":51,\"caption\":\"BlueSeal air curtains by Brightec BV\"},\"image\":{\"@id\":\"https:\\\/\\\/blueseal-aircurtains.com\\\/fr\\\/#\\\/schema\\\/logo\\\/image\\\/\"},\"sameAs\":[\"https:\\\/\\\/www.facebook.com\\\/brightecbv\",\"https:\\\/\\\/x.com\\\/BrightecBv\"]},{\"@type\":\"Person\",\"@id\":\"https:\\\/\\\/blueseal-aircurtains.com\\\/fr\\\/#\\\/schema\\\/person\\\/71c601725e12ece28f5c081951ab74b1\",\"name\":\"joe\",\"image\":{\"@type\":\"ImageObject\",\"inLanguage\":\"fr-FR\",\"@id\":\"https:\\\/\\\/secure.gravatar.com\\\/avatar\\\/68c42a352a5bb461e3807fed9f2c47d49f80268d827078858baef827e8a5afdc?s=96&d=mm&r=g\",\"url\":\"https:\\\/\\\/secure.gravatar.com\\\/avatar\\\/68c42a352a5bb461e3807fed9f2c47d49f80268d827078858baef827e8a5afdc?s=96&d=mm&r=g\",\"contentUrl\":\"https:\\\/\\\/secure.gravatar.com\\\/avatar\\\/68c42a352a5bb461e3807fed9f2c47d49f80268d827078858baef827e8a5afdc?s=96&d=mm&r=g\",\"caption\":\"joe\"},\"url\":\"https:\\\/\\\/blueseal-aircurtains.com\\\/fr\\\/author\\\/joe\\\/\"}]}<\/script>\n<!-- \/ Yoast SEO plugin. -->","yoast_head_json":{"title":"BlueSeal r\u00e9duit les pertes de temp\u00e9ratures &#8211; BlueSeal air curtains by Brightec BV","robots":{"index":"index","follow":"follow","max-snippet":"max-snippet:-1","max-image-preview":"max-image-preview:large","max-video-preview":"max-video-preview:-1"},"canonical":"https:\/\/blueseal-aircurtains.com\/fr\/2025\/11\/14\/blueseal-reduit-les-pertes-de-temperatures\/","og_locale":"fr_FR","og_type":"article","og_title":"BlueSeal r\u00e9duit les pertes de temp\u00e9ratures &#8211; BlueSeal air curtains by Brightec BV","og_description":"Un contr\u00f4le climatique plus intelligent pour les v\u00e9hicules frigorifiques favorise le maintien des temp\u00e9ratures de consignation. Limiter les pertes de temp\u00e9rature lors de l\u2019ouverture des portes, telle est l\u2019obsession des exploitants. La fonctionnalit\u00e9 BlueControl apporte plusieurs fonctions intelligentes dont un afficheur de minuterie qui sensibilise...","og_url":"https:\/\/blueseal-aircurtains.com\/fr\/2025\/11\/14\/blueseal-reduit-les-pertes-de-temperatures\/","og_site_name":"BlueSeal air curtains by Brightec BV","article_publisher":"https:\/\/www.facebook.com\/brightecbv","article_published_time":"2025-11-14T09:10:18+00:00","article_modified_time":"2026-04-27T09:17:51+00:00","og_image":[{"width":1182,"height":667,"url":"https:\/\/blueseal-aircurtains.com\/wp-content\/uploads\/2025\/11\/fr-blog-froid.jpg","type":"image\/jpeg"}],"author":"joe","twitter_card":"summary_large_image","twitter_creator":"@BrightecBv","twitter_site":"@BrightecBv","twitter_misc":{"\u00c9crit par":"joe","Dur\u00e9e de lecture estim\u00e9e":"2 minutes"},"schema":{"@context":"https:\/\/schema.org","@graph":[{"@type":"Article","@id":"https:\/\/blueseal-aircurtains.com\/fr\/2025\/11\/14\/blueseal-reduit-les-pertes-de-temperatures\/#article","isPartOf":{"@id":"https:\/\/blueseal-aircurtains.com\/fr\/2025\/11\/14\/blueseal-reduit-les-pertes-de-temperatures\/"},"author":{"name":"joe","@id":"https:\/\/blueseal-aircurtains.com\/fr\/#\/schema\/person\/71c601725e12ece28f5c081951ab74b1"},"headline":"BlueSeal r\u00e9duit les pertes de temp\u00e9ratures","datePublished":"2025-11-14T09:10:18+00:00","dateModified":"2026-04-27T09:17:51+00:00","mainEntityOfPage":{"@id":"https:\/\/blueseal-aircurtains.com\/fr\/2025\/11\/14\/blueseal-reduit-les-pertes-de-temperatures\/"},"wordCount":232,"publisher":{"@id":"https:\/\/blueseal-aircurtains.com\/fr\/#organization"},"image":{"@id":"https:\/\/blueseal-aircurtains.com\/fr\/2025\/11\/14\/blueseal-reduit-les-pertes-de-temperatures\/#primaryimage"},"thumbnailUrl":"https:\/\/blueseal-aircurtains.com\/wp-content\/uploads\/2025\/11\/fr-blog-froid.jpg","articleSection":["reflexion"],"inLanguage":"fr-FR"},{"@type":"WebPage","@id":"https:\/\/blueseal-aircurtains.com\/fr\/2025\/11\/14\/blueseal-reduit-les-pertes-de-temperatures\/","url":"https:\/\/blueseal-aircurtains.com\/fr\/2025\/11\/14\/blueseal-reduit-les-pertes-de-temperatures\/","name":"BlueSeal r\u00e9duit les pertes de temp\u00e9ratures &#8211; BlueSeal air curtains by Brightec BV","isPartOf":{"@id":"https:\/\/blueseal-aircurtains.com\/fr\/#website"},"primaryImageOfPage":{"@id":"https:\/\/blueseal-aircurtains.com\/fr\/2025\/11\/14\/blueseal-reduit-les-pertes-de-temperatures\/#primaryimage"},"image":{"@id":"https:\/\/blueseal-aircurtains.com\/fr\/2025\/11\/14\/blueseal-reduit-les-pertes-de-temperatures\/#primaryimage"},"thumbnailUrl":"https:\/\/blueseal-aircurtains.com\/wp-content\/uploads\/2025\/11\/fr-blog-froid.jpg","datePublished":"2025-11-14T09:10:18+00:00","dateModified":"2026-04-27T09:17:51+00:00","breadcrumb":{"@id":"https:\/\/blueseal-aircurtains.com\/fr\/2025\/11\/14\/blueseal-reduit-les-pertes-de-temperatures\/#breadcrumb"},"inLanguage":"fr-FR","potentialAction":[{"@type":"ReadAction","target":["https:\/\/blueseal-aircurtains.com\/fr\/2025\/11\/14\/blueseal-reduit-les-pertes-de-temperatures\/"]}]},{"@type":"ImageObject","inLanguage":"fr-FR","@id":"https:\/\/blueseal-aircurtains.com\/fr\/2025\/11\/14\/blueseal-reduit-les-pertes-de-temperatures\/#primaryimage","url":"https:\/\/blueseal-aircurtains.com\/wp-content\/uploads\/2025\/11\/fr-blog-froid.jpg","contentUrl":"https:\/\/blueseal-aircurtains.com\/wp-content\/uploads\/2025\/11\/fr-blog-froid.jpg","width":1182,"height":667},{"@type":"BreadcrumbList","@id":"https:\/\/blueseal-aircurtains.com\/fr\/2025\/11\/14\/blueseal-reduit-les-pertes-de-temperatures\/#breadcrumb","itemListElement":[{"@type":"ListItem","position":1,"name":"Home","item":"https:\/\/blueseal-aircurtains.com\/fr\/"},{"@type":"ListItem","position":2,"name":"BlueSeal r\u00e9duit les pertes de temp\u00e9ratures"}]},{"@type":"WebSite","@id":"https:\/\/blueseal-aircurtains.com\/fr\/#website","url":"https:\/\/blueseal-aircurtains.com\/fr\/","name":"BlueSeal air curtains by Brightec BV","description":"Air curtains for temperature controlled transport","publisher":{"@id":"https:\/\/blueseal-aircurtains.com\/fr\/#organization"},"alternateName":"Brightec B.V.","potentialAction":[{"@type":"SearchAction","target":{"@type":"EntryPoint","urlTemplate":"https:\/\/blueseal-aircurtains.com\/fr\/?s={search_term_string}"},"query-input":{"@type":"PropertyValueSpecification","valueRequired":true,"valueName":"search_term_string"}}],"inLanguage":"fr-FR"},{"@type":"Organization","@id":"https:\/\/blueseal-aircurtains.com\/fr\/#organization","name":"BlueSeal air curtains by Brightec BV","alternateName":"Brightec B.V.","url":"https:\/\/blueseal-aircurtains.com\/fr\/","logo":{"@type":"ImageObject","inLanguage":"fr-FR","@id":"https:\/\/blueseal-aircurtains.com\/fr\/#\/schema\/logo\/image\/","url":"https:\/\/blueseal-aircurtains.com\/wp-content\/uploads\/2024\/07\/blueseal-logo-colored.svg","contentUrl":"https:\/\/blueseal-aircurtains.com\/wp-content\/uploads\/2024\/07\/blueseal-logo-colored.svg","width":240,"height":51,"caption":"BlueSeal air curtains by Brightec BV"},"image":{"@id":"https:\/\/blueseal-aircurtains.com\/fr\/#\/schema\/logo\/image\/"},"sameAs":["https:\/\/www.facebook.com\/brightecbv","https:\/\/x.com\/BrightecBv"]},{"@type":"Person","@id":"https:\/\/blueseal-aircurtains.com\/fr\/#\/schema\/person\/71c601725e12ece28f5c081951ab74b1","name":"joe","image":{"@type":"ImageObject","inLanguage":"fr-FR","@id":"https:\/\/secure.gravatar.com\/avatar\/68c42a352a5bb461e3807fed9f2c47d49f80268d827078858baef827e8a5afdc?s=96&d=mm&r=g","url":"https:\/\/secure.gravatar.com\/avatar\/68c42a352a5bb461e3807fed9f2c47d49f80268d827078858baef827e8a5afdc?s=96&d=mm&r=g","contentUrl":"https:\/\/secure.gravatar.com\/avatar\/68c42a352a5bb461e3807fed9f2c47d49f80268d827078858baef827e8a5afdc?s=96&d=mm&r=g","caption":"joe"},"url":"https:\/\/blueseal-aircurtains.com\/fr\/author\/joe\/"}]}},"_links":{"self":[{"href":"https:\/\/blueseal-aircurtains.com\/fr\/wp-json\/wp\/v2\/posts\/4692","targetHints":{"allow":["GET"]}}],"collection":[{"href":"https:\/\/blueseal-aircurtains.com\/fr\/wp-json\/wp\/v2\/posts"}],"about":[{"href":"https:\/\/blueseal-aircurtains.com\/fr\/wp-json\/wp\/v2\/types\/post"}],"author":[{"embeddable":true,"href":"https:\/\/blueseal-aircurtains.com\/fr\/wp-json\/wp\/v2\/users\/4"}],"replies":[{"embeddable":true,"href":"https:\/\/blueseal-aircurtains.com\/fr\/wp-json\/wp\/v2\/comments?post=4692"}],"version-history":[{"count":3,"href":"https:\/\/blueseal-aircurtains.com\/fr\/wp-json\/wp\/v2\/posts\/4692\/revisions"}],"predecessor-version":[{"id":4705,"href":"https:\/\/blueseal-aircurtains.com\/fr\/wp-json\/wp\/v2\/posts\/4692\/revisions\/4705"}],"wp:featuredmedia":[{"embeddable":true,"href":"https:\/\/blueseal-aircurtains.com\/fr\/wp-json\/wp\/v2\/media\/4699"}],"wp:attachment":[{"href":"https:\/\/blueseal-aircurtains.com\/fr\/wp-json\/wp\/v2\/media?parent=4692"}],"wp:term":[{"taxonomy":"category","embeddable":true,"href":"https:\/\/blueseal-aircurtains.com\/fr\/wp-json\/wp\/v2\/categories?post=4692"},{"taxonomy":"post_tag","embeddable":true,"href":"https:\/\/blueseal-aircurtains.com\/fr\/wp-json\/wp\/v2\/tags?post=4692"}],"curies":[{"name":"wp","href":"https:\/\/api.w.org\/{rel}","templated":true}]}}