{"id":4599,"date":"2025-10-01T13:01:15","date_gmt":"2025-10-01T13:01:15","guid":{"rendered":"https:\/\/blueseal-aircurtains.com\/?p=4599"},"modified":"2026-03-11T13:15:22","modified_gmt":"2026-03-11T13:15:22","slug":"trouver-le-juste-equilibre-du-controle-climatique-du-fret-comment-les-rideaux-dair-blueseal-sattaquent-a-lun-des-plus-grands-defis-de-la-chaine-du-froid","status":"publish","type":"post","link":"https:\/\/blueseal-aircurtains.com\/fr\/2025\/10\/01\/trouver-le-juste-equilibre-du-controle-climatique-du-fret-comment-les-rideaux-dair-blueseal-sattaquent-a-lun-des-plus-grands-defis-de-la-chaine-du-froid\/","title":{"rendered":"Trouver le juste \u00e9quilibre du contr\u00f4le climatique du fret \u2013 comment les rideaux d&rsquo;air BlueSeal s&rsquo;attaquent \u00e0 l&rsquo;un des plus grands d\u00e9fis de la cha\u00eene du froid"},"content":{"rendered":"<p data-path-to-node=\"4\"><em>Remarque : Cet article a \u00e9t\u00e9 traduit par un logiciel et peut contenir de l\u00e9g\u00e8res divergences. Pour consulter la version originale (en anglais) de cet article, veuillez modifier le param\u00e8tre de langue sur le site web.<\/em><\/p>\n<p data-path-to-node=\"4\"><strong>La technologie du transport sous temp\u00e9rature contr\u00f4l\u00e9e a fait des pas de g\u00e9ant au cours de la derni\u00e8re d\u00e9cennie, les solutions d&rsquo;\u00e9nergie embarqu\u00e9es durables \u00e9tant au c\u0153ur des discussions. Mais avec ces technologies \u00e9mergentes, on n&rsquo;\u00e9chappe pas \u00e0 l&rsquo;un des principes fondamentaux de la physique : le transfert thermique.<\/strong><\/p>\n<p data-path-to-node=\"5\">Laisser la porte d&rsquo;un v\u00e9hicule frigorifique ouverte pendant les livraisons \u00e9quivaut \u00e0 laisser la porte de votre r\u00e9frig\u00e9rateur domestique ouverte, \u00e0 la diff\u00e9rence que les cons\u00e9quences d\u00e9passent de loin une simple facture d&rsquo;\u00e9lectricit\u00e9 sal\u00e9e. Lorsque l&rsquo;air froid s&rsquo;\u00e9chappe du v\u00e9hicule, l&rsquo;air chaud s&rsquo;infiltre dans l&rsquo;espace de chargement et le groupe frigorifique d\u00e9pense une quantit\u00e9 \u00e9norme d&rsquo;\u00e9nergie (et de carburant) pour ramener cette temp\u00e9rature au niveau requis pour transporter en toute s\u00e9curit\u00e9 des produits sensibles.<\/p>\n<p data-path-to-node=\"6\">Il est difficile de quantifier l&rsquo;\u00e9chelle colossale de ce probl\u00e8me et l&rsquo;impact qu&rsquo;il a tant sur les co\u00fbts d&rsquo;exploitation quotidiens que sur l&rsquo;augmentation des \u00e9missions nocives dues \u00e0 une mauvaise gestion de cette consommation d&rsquo;\u00e9nergie.<\/p>\n<p data-path-to-node=\"7\">Les rideaux d&rsquo;air BlueSeal ont \u00e9t\u00e9 con\u00e7us pour s&rsquo;attaquer \u00e0 ce probl\u00e8me de la mani\u00e8re la plus efficace et la plus conviviale possible. En 2005, une \u00e9quipe de physiciens n\u00e9erlandais a propos\u00e9 cette solution pour \u00e9conomiser l&rsquo;\u00e9nergie dans un concept de camion frigorifique \u00e0 z\u00e9ro \u00e9mission, ce qui a conduit \u00e0 la cr\u00e9ation d&rsquo;un prototype BlueSeal. L&rsquo;\u00e9quipe avait pour mission de trouver l&rsquo;\u00e9quilibre optimal pour maintenir la cha\u00eene du froid d&rsquo;une mani\u00e8re pratique pour les chauffeurs, b\u00e9n\u00e9fique pour l&rsquo;environnement et rentable pour les transporteurs.<\/p>\n<p data-path-to-node=\"8\">Le plus grand d\u00e9fi de l&rsquo;\u00e9quipe a \u00e9t\u00e9 de trouver le \u00ab juste milieu \u00bb (le <i data-path-to-node=\"8\" data-index-in-node=\"72\">sweet spot<\/i>) pour que le rideau d&rsquo;air g\u00e8re le contr\u00f4le climatique le plus efficacement possible. La performance du rideau d&rsquo;air d\u00e9pend de plusieurs facteurs critiques. Premi\u00e8rement, la sortie d&rsquo;air est con\u00e7ue pour \u00eatre relativement large et uniform\u00e9ment r\u00e9partie, cr\u00e9ant un flux d&rsquo;air laminaire stable qui forme une barri\u00e8re d\u00e9licatement \u00e9quilibr\u00e9e. Deuxi\u00e8mement, l&rsquo;efficacit\u00e9 \u00e9nerg\u00e9tique du rideau d&rsquo;air lui-m\u00eame. Et troisi\u00e8mement, la vitesse du flux d&rsquo;air.<\/p>\n<p data-path-to-node=\"9\">C&rsquo;est l\u00e0 qu&rsquo;interviennent des tests approfondis, des essais clients ind\u00e9pendants et des d\u00e9cennies de recherche en a\u00e9rodynamique. Si le flux d&rsquo;air est trop faible, le contr\u00f4le de la temp\u00e9rature est inefficace. S&rsquo;il est trop \u00e9lev\u00e9, le flux cr\u00e9e des turbulences, dirigeant l&rsquo;air ambiant chaud vers l&rsquo;espace r\u00e9frig\u00e9r\u00e9, augmentant ainsi le transfert de chaleur au lieu de le r\u00e9duire.<\/p>\n<p data-path-to-node=\"10\">L&rsquo;efficacit\u00e9 de BlueSeal a \u00e9t\u00e9 prouv\u00e9e \u00e0 maintes reprises. Le Centre pour l&rsquo;utilisation durable de l&rsquo;\u00e9nergie dans les cha\u00eenes alimentaires de l&rsquo;Universit\u00e9 Brunel a valid\u00e9 ces performances : l&rsquo;utilisation d&rsquo;un rideau d&rsquo;air BlueSeal permet d&rsquo;\u00e9conomiser environ 30 % d&rsquo;\u00e9nergie pour r\u00e9tablir la temp\u00e9rature du fret dans un petit camion, et jusqu&rsquo;\u00e0 45 % dans un mod\u00e8le de 18 tonnes.<\/p>\n<p data-path-to-node=\"11\">Outre leurs performances, les rideaux d&rsquo;air BlueSeal sont r\u00e9put\u00e9s pour leur durabilit\u00e9 et leur qualit\u00e9 de fabrication exceptionnelle, que l&rsquo;entreprise attribue \u00e0 sa production aux Pays-Bas. BlueSeal finalise actuellement le d\u00e9veloppement d&rsquo;un module compl\u00e9mentaire p\u00e9riph\u00e9rique qui am\u00e9liorera encore l&rsquo;efficacit\u00e9, avec une mise sur le march\u00e9 pr\u00e9vue en 2026. Ce syst\u00e8me permettra de surveiller les param\u00e8tres externes et d&rsquo;ajuster le flux d&rsquo;air en cons\u00e9quence.<\/p>\n<p data-path-to-node=\"12\">Avec plus de 25 000 unit\u00e9s install\u00e9es dans le monde, le nom BlueSeal est devenu synonyme d&rsquo;efficacit\u00e9 de la cha\u00eene du froid.<\/p>\n<p data-path-to-node=\"12\"><strong>Cet article a \u00e9t\u00e9 initialement publi\u00e9 dans le magazine TCS&amp;D \u2013 Octobre\/Novembre 2025. Vous pouvez consulter l&rsquo;article original \u00e0 la page 24 ici : <a class=\"ng-star-inserted\" href=\"https:\/\/online.pubhtml5.com\/culdp\/ycjm\/\" target=\"_blank\" rel=\"noopener\" data-hveid=\"0\" data-ved=\"0CAAQ_4QMahcKEwiTxtH42JeTAxUAAAAAHQAAAAAQew\">https:\/\/online.pubhtml5.com\/culdp\/ycjm\/<\/a><\/strong><\/p>\n","protected":false},"excerpt":{"rendered":"<p>D\u00e9couvrez comment les rideaux d&rsquo;air BlueSeal optimisent le transfert thermique et r\u00e9duisent la consommation d&rsquo;\u00e9nergie jusqu&rsquo;\u00e0 45 % dans le transport frigorifique.<\/p>\n","protected":false},"author":4,"featured_media":4595,"comment_status":"closed","ping_status":"closed","sticky":false,"template":"","format":"standard","meta":{"inline_featured_image":false,"footnotes":""},"categories":[44],"tags":[],"class_list":["post-4599","post","type-post","status-publish","format-standard","has-post-thumbnail","hentry","category-insights-fr"],"acf":[],"yoast_head":"<!-- This site is optimized with the Yoast SEO plugin v27.4 - https:\/\/yoast.com\/product\/yoast-seo-wordpress\/ -->\n<title>Trouver le juste \u00e9quilibre du contr\u00f4le climatique du fret \u2013 comment les rideaux d&#039;air BlueSeal s&#039;attaquent \u00e0 l&#039;un des plus grands d\u00e9fis de la cha\u00eene du froid &#8211; BlueSeal air curtains by Brightec BV<\/title>\n<meta name=\"description\" content=\"BlueSeal s&#039;attaque au d\u00e9fi du transfert thermique dans la cha\u00eene du froid gr\u00e2ce \u00e0 un flux d&#039;air laminaire brevet\u00e9, offrant jusqu&#039;\u00e0 45 % d&#039;\u00e9conomie d&#039;\u00e9nergie.\" \/>\n<meta name=\"robots\" content=\"index, follow, max-snippet:-1, max-image-preview:large, max-video-preview:-1\" \/>\n<link rel=\"canonical\" href=\"https:\/\/blueseal-aircurtains.com\/fr\/2025\/10\/01\/trouver-le-juste-equilibre-du-controle-climatique-du-fret-comment-les-rideaux-dair-blueseal-sattaquent-a-lun-des-plus-grands-defis-de-la-chaine-du-froid\/\" \/>\n<meta property=\"og:locale\" content=\"fr_FR\" \/>\n<meta property=\"og:type\" content=\"article\" \/>\n<meta property=\"og:title\" content=\"Trouver le juste \u00e9quilibre du contr\u00f4le climatique du fret \u2013 comment les rideaux d&#039;air BlueSeal s&#039;attaquent \u00e0 l&#039;un des plus grands d\u00e9fis de la cha\u00eene du froid &#8211; BlueSeal air curtains by Brightec BV\" \/>\n<meta property=\"og:description\" content=\"BlueSeal s&#039;attaque au d\u00e9fi du transfert thermique dans la cha\u00eene du froid gr\u00e2ce \u00e0 un flux d&#039;air laminaire brevet\u00e9, offrant jusqu&#039;\u00e0 45 % d&#039;\u00e9conomie d&#039;\u00e9nergie.\" \/>\n<meta property=\"og:url\" content=\"https:\/\/blueseal-aircurtains.com\/fr\/2025\/10\/01\/trouver-le-juste-equilibre-du-controle-climatique-du-fret-comment-les-rideaux-dair-blueseal-sattaquent-a-lun-des-plus-grands-defis-de-la-chaine-du-froid\/\" \/>\n<meta property=\"og:site_name\" content=\"BlueSeal air curtains by Brightec BV\" \/>\n<meta property=\"article:publisher\" content=\"https:\/\/www.facebook.com\/brightecbv\" \/>\n<meta property=\"article:published_time\" content=\"2025-10-01T13:01:15+00:00\" \/>\n<meta property=\"article:modified_time\" content=\"2026-03-11T13:15:22+00:00\" \/>\n<meta property=\"og:image\" content=\"https:\/\/blueseal-aircurtains.com\/wp-content\/uploads\/2026\/03\/sweetspot.jpg\" \/>\n\t<meta property=\"og:image:width\" content=\"1182\" \/>\n\t<meta property=\"og:image:height\" content=\"667\" \/>\n\t<meta property=\"og:image:type\" content=\"image\/jpeg\" \/>\n<meta name=\"author\" content=\"joe\" \/>\n<meta name=\"twitter:card\" content=\"summary_large_image\" \/>\n<meta name=\"twitter:creator\" content=\"@BrightecBv\" \/>\n<meta name=\"twitter:site\" content=\"@BrightecBv\" \/>\n<meta name=\"twitter:label1\" content=\"\u00c9crit par\" \/>\n\t<meta name=\"twitter:data1\" content=\"joe\" \/>\n\t<meta name=\"twitter:label2\" content=\"Dur\u00e9e de lecture estim\u00e9e\" \/>\n\t<meta name=\"twitter:data2\" content=\"3 minutes\" \/>\n<script type=\"application\/ld+json\" class=\"yoast-schema-graph\">{\"@context\":\"https:\\\/\\\/schema.org\",\"@graph\":[{\"@type\":\"Article\",\"@id\":\"https:\\\/\\\/blueseal-aircurtains.com\\\/fr\\\/2025\\\/10\\\/01\\\/trouver-le-juste-equilibre-du-controle-climatique-du-fret-comment-les-rideaux-dair-blueseal-sattaquent-a-lun-des-plus-grands-defis-de-la-chaine-du-froid\\\/#article\",\"isPartOf\":{\"@id\":\"https:\\\/\\\/blueseal-aircurtains.com\\\/fr\\\/2025\\\/10\\\/01\\\/trouver-le-juste-equilibre-du-controle-climatique-du-fret-comment-les-rideaux-dair-blueseal-sattaquent-a-lun-des-plus-grands-defis-de-la-chaine-du-froid\\\/\"},\"author\":{\"name\":\"joe\",\"@id\":\"https:\\\/\\\/blueseal-aircurtains.com\\\/fr\\\/#\\\/schema\\\/person\\\/71c601725e12ece28f5c081951ab74b1\"},\"headline\":\"Trouver le juste \u00e9quilibre du contr\u00f4le climatique du fret \u2013 comment les rideaux d&rsquo;air BlueSeal s&rsquo;attaquent \u00e0 l&rsquo;un des plus grands d\u00e9fis de la cha\u00eene du froid\",\"datePublished\":\"2025-10-01T13:01:15+00:00\",\"dateModified\":\"2026-03-11T13:15:22+00:00\",\"mainEntityOfPage\":{\"@id\":\"https:\\\/\\\/blueseal-aircurtains.com\\\/fr\\\/2025\\\/10\\\/01\\\/trouver-le-juste-equilibre-du-controle-climatique-du-fret-comment-les-rideaux-dair-blueseal-sattaquent-a-lun-des-plus-grands-defis-de-la-chaine-du-froid\\\/\"},\"wordCount\":730,\"publisher\":{\"@id\":\"https:\\\/\\\/blueseal-aircurtains.com\\\/fr\\\/#organization\"},\"image\":{\"@id\":\"https:\\\/\\\/blueseal-aircurtains.com\\\/fr\\\/2025\\\/10\\\/01\\\/trouver-le-juste-equilibre-du-controle-climatique-du-fret-comment-les-rideaux-dair-blueseal-sattaquent-a-lun-des-plus-grands-defis-de-la-chaine-du-froid\\\/#primaryimage\"},\"thumbnailUrl\":\"https:\\\/\\\/blueseal-aircurtains.com\\\/wp-content\\\/uploads\\\/2026\\\/03\\\/sweetspot.jpg\",\"articleSection\":[\"reflexion\"],\"inLanguage\":\"fr-FR\"},{\"@type\":\"WebPage\",\"@id\":\"https:\\\/\\\/blueseal-aircurtains.com\\\/fr\\\/2025\\\/10\\\/01\\\/trouver-le-juste-equilibre-du-controle-climatique-du-fret-comment-les-rideaux-dair-blueseal-sattaquent-a-lun-des-plus-grands-defis-de-la-chaine-du-froid\\\/\",\"url\":\"https:\\\/\\\/blueseal-aircurtains.com\\\/fr\\\/2025\\\/10\\\/01\\\/trouver-le-juste-equilibre-du-controle-climatique-du-fret-comment-les-rideaux-dair-blueseal-sattaquent-a-lun-des-plus-grands-defis-de-la-chaine-du-froid\\\/\",\"name\":\"Trouver le juste \u00e9quilibre du contr\u00f4le climatique du fret \u2013 comment les rideaux d'air BlueSeal s'attaquent \u00e0 l'un des plus grands d\u00e9fis de la cha\u00eene du froid &#8211; BlueSeal air curtains by Brightec BV\",\"isPartOf\":{\"@id\":\"https:\\\/\\\/blueseal-aircurtains.com\\\/fr\\\/#website\"},\"primaryImageOfPage\":{\"@id\":\"https:\\\/\\\/blueseal-aircurtains.com\\\/fr\\\/2025\\\/10\\\/01\\\/trouver-le-juste-equilibre-du-controle-climatique-du-fret-comment-les-rideaux-dair-blueseal-sattaquent-a-lun-des-plus-grands-defis-de-la-chaine-du-froid\\\/#primaryimage\"},\"image\":{\"@id\":\"https:\\\/\\\/blueseal-aircurtains.com\\\/fr\\\/2025\\\/10\\\/01\\\/trouver-le-juste-equilibre-du-controle-climatique-du-fret-comment-les-rideaux-dair-blueseal-sattaquent-a-lun-des-plus-grands-defis-de-la-chaine-du-froid\\\/#primaryimage\"},\"thumbnailUrl\":\"https:\\\/\\\/blueseal-aircurtains.com\\\/wp-content\\\/uploads\\\/2026\\\/03\\\/sweetspot.jpg\",\"datePublished\":\"2025-10-01T13:01:15+00:00\",\"dateModified\":\"2026-03-11T13:15:22+00:00\",\"description\":\"BlueSeal s'attaque au d\u00e9fi du transfert thermique dans la cha\u00eene du froid gr\u00e2ce \u00e0 un flux d'air laminaire brevet\u00e9, offrant jusqu'\u00e0 45 % d'\u00e9conomie d'\u00e9nergie.\",\"breadcrumb\":{\"@id\":\"https:\\\/\\\/blueseal-aircurtains.com\\\/fr\\\/2025\\\/10\\\/01\\\/trouver-le-juste-equilibre-du-controle-climatique-du-fret-comment-les-rideaux-dair-blueseal-sattaquent-a-lun-des-plus-grands-defis-de-la-chaine-du-froid\\\/#breadcrumb\"},\"inLanguage\":\"fr-FR\",\"potentialAction\":[{\"@type\":\"ReadAction\",\"target\":[\"https:\\\/\\\/blueseal-aircurtains.com\\\/fr\\\/2025\\\/10\\\/01\\\/trouver-le-juste-equilibre-du-controle-climatique-du-fret-comment-les-rideaux-dair-blueseal-sattaquent-a-lun-des-plus-grands-defis-de-la-chaine-du-froid\\\/\"]}]},{\"@type\":\"ImageObject\",\"inLanguage\":\"fr-FR\",\"@id\":\"https:\\\/\\\/blueseal-aircurtains.com\\\/fr\\\/2025\\\/10\\\/01\\\/trouver-le-juste-equilibre-du-controle-climatique-du-fret-comment-les-rideaux-dair-blueseal-sattaquent-a-lun-des-plus-grands-defis-de-la-chaine-du-froid\\\/#primaryimage\",\"url\":\"https:\\\/\\\/blueseal-aircurtains.com\\\/wp-content\\\/uploads\\\/2026\\\/03\\\/sweetspot.jpg\",\"contentUrl\":\"https:\\\/\\\/blueseal-aircurtains.com\\\/wp-content\\\/uploads\\\/2026\\\/03\\\/sweetspot.jpg\",\"width\":1182,\"height\":667,\"caption\":\"press article on blueseal\"},{\"@type\":\"BreadcrumbList\",\"@id\":\"https:\\\/\\\/blueseal-aircurtains.com\\\/fr\\\/2025\\\/10\\\/01\\\/trouver-le-juste-equilibre-du-controle-climatique-du-fret-comment-les-rideaux-dair-blueseal-sattaquent-a-lun-des-plus-grands-defis-de-la-chaine-du-froid\\\/#breadcrumb\",\"itemListElement\":[{\"@type\":\"ListItem\",\"position\":1,\"name\":\"Home\",\"item\":\"https:\\\/\\\/blueseal-aircurtains.com\\\/fr\\\/\"},{\"@type\":\"ListItem\",\"position\":2,\"name\":\"Trouver le juste \u00e9quilibre du contr\u00f4le climatique du fret \u2013 comment les rideaux d&#8217;air BlueSeal s&#8217;attaquent \u00e0 l&#8217;un des plus grands d\u00e9fis de la cha\u00eene du froid\"}]},{\"@type\":\"WebSite\",\"@id\":\"https:\\\/\\\/blueseal-aircurtains.com\\\/fr\\\/#website\",\"url\":\"https:\\\/\\\/blueseal-aircurtains.com\\\/fr\\\/\",\"name\":\"BlueSeal air curtains by Brightec BV\",\"description\":\"Air curtains for temperature controlled transport\",\"publisher\":{\"@id\":\"https:\\\/\\\/blueseal-aircurtains.com\\\/fr\\\/#organization\"},\"alternateName\":\"Brightec B.V.\",\"potentialAction\":[{\"@type\":\"SearchAction\",\"target\":{\"@type\":\"EntryPoint\",\"urlTemplate\":\"https:\\\/\\\/blueseal-aircurtains.com\\\/fr\\\/?s={search_term_string}\"},\"query-input\":{\"@type\":\"PropertyValueSpecification\",\"valueRequired\":true,\"valueName\":\"search_term_string\"}}],\"inLanguage\":\"fr-FR\"},{\"@type\":\"Organization\",\"@id\":\"https:\\\/\\\/blueseal-aircurtains.com\\\/fr\\\/#organization\",\"name\":\"BlueSeal air curtains by Brightec BV\",\"alternateName\":\"Brightec B.V.\",\"url\":\"https:\\\/\\\/blueseal-aircurtains.com\\\/fr\\\/\",\"logo\":{\"@type\":\"ImageObject\",\"inLanguage\":\"fr-FR\",\"@id\":\"https:\\\/\\\/blueseal-aircurtains.com\\\/fr\\\/#\\\/schema\\\/logo\\\/image\\\/\",\"url\":\"https:\\\/\\\/blueseal-aircurtains.com\\\/wp-content\\\/uploads\\\/2024\\\/07\\\/blueseal-logo-colored.svg\",\"contentUrl\":\"https:\\\/\\\/blueseal-aircurtains.com\\\/wp-content\\\/uploads\\\/2024\\\/07\\\/blueseal-logo-colored.svg\",\"width\":240,\"height\":51,\"caption\":\"BlueSeal air curtains by Brightec BV\"},\"image\":{\"@id\":\"https:\\\/\\\/blueseal-aircurtains.com\\\/fr\\\/#\\\/schema\\\/logo\\\/image\\\/\"},\"sameAs\":[\"https:\\\/\\\/www.facebook.com\\\/brightecbv\",\"https:\\\/\\\/x.com\\\/BrightecBv\"]},{\"@type\":\"Person\",\"@id\":\"https:\\\/\\\/blueseal-aircurtains.com\\\/fr\\\/#\\\/schema\\\/person\\\/71c601725e12ece28f5c081951ab74b1\",\"name\":\"joe\",\"image\":{\"@type\":\"ImageObject\",\"inLanguage\":\"fr-FR\",\"@id\":\"https:\\\/\\\/secure.gravatar.com\\\/avatar\\\/68c42a352a5bb461e3807fed9f2c47d49f80268d827078858baef827e8a5afdc?s=96&d=mm&r=g\",\"url\":\"https:\\\/\\\/secure.gravatar.com\\\/avatar\\\/68c42a352a5bb461e3807fed9f2c47d49f80268d827078858baef827e8a5afdc?s=96&d=mm&r=g\",\"contentUrl\":\"https:\\\/\\\/secure.gravatar.com\\\/avatar\\\/68c42a352a5bb461e3807fed9f2c47d49f80268d827078858baef827e8a5afdc?s=96&d=mm&r=g\",\"caption\":\"joe\"},\"url\":\"https:\\\/\\\/blueseal-aircurtains.com\\\/fr\\\/author\\\/joe\\\/\"}]}<\/script>\n<!-- \/ Yoast SEO plugin. -->","yoast_head_json":{"title":"Trouver le juste \u00e9quilibre du contr\u00f4le climatique du fret \u2013 comment les rideaux d'air BlueSeal s'attaquent \u00e0 l'un des plus grands d\u00e9fis de la cha\u00eene du froid &#8211; BlueSeal air curtains by Brightec BV","description":"BlueSeal s'attaque au d\u00e9fi du transfert thermique dans la cha\u00eene du froid gr\u00e2ce \u00e0 un flux d'air laminaire brevet\u00e9, offrant jusqu'\u00e0 45 % d'\u00e9conomie d'\u00e9nergie.","robots":{"index":"index","follow":"follow","max-snippet":"max-snippet:-1","max-image-preview":"max-image-preview:large","max-video-preview":"max-video-preview:-1"},"canonical":"https:\/\/blueseal-aircurtains.com\/fr\/2025\/10\/01\/trouver-le-juste-equilibre-du-controle-climatique-du-fret-comment-les-rideaux-dair-blueseal-sattaquent-a-lun-des-plus-grands-defis-de-la-chaine-du-froid\/","og_locale":"fr_FR","og_type":"article","og_title":"Trouver le juste \u00e9quilibre du contr\u00f4le climatique du fret \u2013 comment les rideaux d'air BlueSeal s'attaquent \u00e0 l'un des plus grands d\u00e9fis de la cha\u00eene du froid &#8211; BlueSeal air curtains by Brightec BV","og_description":"BlueSeal s'attaque au d\u00e9fi du transfert thermique dans la cha\u00eene du froid gr\u00e2ce \u00e0 un flux d'air laminaire brevet\u00e9, offrant jusqu'\u00e0 45 % d'\u00e9conomie d'\u00e9nergie.","og_url":"https:\/\/blueseal-aircurtains.com\/fr\/2025\/10\/01\/trouver-le-juste-equilibre-du-controle-climatique-du-fret-comment-les-rideaux-dair-blueseal-sattaquent-a-lun-des-plus-grands-defis-de-la-chaine-du-froid\/","og_site_name":"BlueSeal air curtains by Brightec BV","article_publisher":"https:\/\/www.facebook.com\/brightecbv","article_published_time":"2025-10-01T13:01:15+00:00","article_modified_time":"2026-03-11T13:15:22+00:00","og_image":[{"width":1182,"height":667,"url":"https:\/\/blueseal-aircurtains.com\/wp-content\/uploads\/2026\/03\/sweetspot.jpg","type":"image\/jpeg"}],"author":"joe","twitter_card":"summary_large_image","twitter_creator":"@BrightecBv","twitter_site":"@BrightecBv","twitter_misc":{"\u00c9crit par":"joe","Dur\u00e9e de lecture estim\u00e9e":"3 minutes"},"schema":{"@context":"https:\/\/schema.org","@graph":[{"@type":"Article","@id":"https:\/\/blueseal-aircurtains.com\/fr\/2025\/10\/01\/trouver-le-juste-equilibre-du-controle-climatique-du-fret-comment-les-rideaux-dair-blueseal-sattaquent-a-lun-des-plus-grands-defis-de-la-chaine-du-froid\/#article","isPartOf":{"@id":"https:\/\/blueseal-aircurtains.com\/fr\/2025\/10\/01\/trouver-le-juste-equilibre-du-controle-climatique-du-fret-comment-les-rideaux-dair-blueseal-sattaquent-a-lun-des-plus-grands-defis-de-la-chaine-du-froid\/"},"author":{"name":"joe","@id":"https:\/\/blueseal-aircurtains.com\/fr\/#\/schema\/person\/71c601725e12ece28f5c081951ab74b1"},"headline":"Trouver le juste \u00e9quilibre du contr\u00f4le climatique du fret \u2013 comment les rideaux d&rsquo;air BlueSeal s&rsquo;attaquent \u00e0 l&rsquo;un des plus grands d\u00e9fis de la cha\u00eene du froid","datePublished":"2025-10-01T13:01:15+00:00","dateModified":"2026-03-11T13:15:22+00:00","mainEntityOfPage":{"@id":"https:\/\/blueseal-aircurtains.com\/fr\/2025\/10\/01\/trouver-le-juste-equilibre-du-controle-climatique-du-fret-comment-les-rideaux-dair-blueseal-sattaquent-a-lun-des-plus-grands-defis-de-la-chaine-du-froid\/"},"wordCount":730,"publisher":{"@id":"https:\/\/blueseal-aircurtains.com\/fr\/#organization"},"image":{"@id":"https:\/\/blueseal-aircurtains.com\/fr\/2025\/10\/01\/trouver-le-juste-equilibre-du-controle-climatique-du-fret-comment-les-rideaux-dair-blueseal-sattaquent-a-lun-des-plus-grands-defis-de-la-chaine-du-froid\/#primaryimage"},"thumbnailUrl":"https:\/\/blueseal-aircurtains.com\/wp-content\/uploads\/2026\/03\/sweetspot.jpg","articleSection":["reflexion"],"inLanguage":"fr-FR"},{"@type":"WebPage","@id":"https:\/\/blueseal-aircurtains.com\/fr\/2025\/10\/01\/trouver-le-juste-equilibre-du-controle-climatique-du-fret-comment-les-rideaux-dair-blueseal-sattaquent-a-lun-des-plus-grands-defis-de-la-chaine-du-froid\/","url":"https:\/\/blueseal-aircurtains.com\/fr\/2025\/10\/01\/trouver-le-juste-equilibre-du-controle-climatique-du-fret-comment-les-rideaux-dair-blueseal-sattaquent-a-lun-des-plus-grands-defis-de-la-chaine-du-froid\/","name":"Trouver le juste \u00e9quilibre du contr\u00f4le climatique du fret \u2013 comment les rideaux d'air BlueSeal s'attaquent \u00e0 l'un des plus grands d\u00e9fis de la cha\u00eene du froid &#8211; BlueSeal air curtains by Brightec BV","isPartOf":{"@id":"https:\/\/blueseal-aircurtains.com\/fr\/#website"},"primaryImageOfPage":{"@id":"https:\/\/blueseal-aircurtains.com\/fr\/2025\/10\/01\/trouver-le-juste-equilibre-du-controle-climatique-du-fret-comment-les-rideaux-dair-blueseal-sattaquent-a-lun-des-plus-grands-defis-de-la-chaine-du-froid\/#primaryimage"},"image":{"@id":"https:\/\/blueseal-aircurtains.com\/fr\/2025\/10\/01\/trouver-le-juste-equilibre-du-controle-climatique-du-fret-comment-les-rideaux-dair-blueseal-sattaquent-a-lun-des-plus-grands-defis-de-la-chaine-du-froid\/#primaryimage"},"thumbnailUrl":"https:\/\/blueseal-aircurtains.com\/wp-content\/uploads\/2026\/03\/sweetspot.jpg","datePublished":"2025-10-01T13:01:15+00:00","dateModified":"2026-03-11T13:15:22+00:00","description":"BlueSeal s'attaque au d\u00e9fi du transfert thermique dans la cha\u00eene du froid gr\u00e2ce \u00e0 un flux d'air laminaire brevet\u00e9, offrant jusqu'\u00e0 45 % d'\u00e9conomie d'\u00e9nergie.","breadcrumb":{"@id":"https:\/\/blueseal-aircurtains.com\/fr\/2025\/10\/01\/trouver-le-juste-equilibre-du-controle-climatique-du-fret-comment-les-rideaux-dair-blueseal-sattaquent-a-lun-des-plus-grands-defis-de-la-chaine-du-froid\/#breadcrumb"},"inLanguage":"fr-FR","potentialAction":[{"@type":"ReadAction","target":["https:\/\/blueseal-aircurtains.com\/fr\/2025\/10\/01\/trouver-le-juste-equilibre-du-controle-climatique-du-fret-comment-les-rideaux-dair-blueseal-sattaquent-a-lun-des-plus-grands-defis-de-la-chaine-du-froid\/"]}]},{"@type":"ImageObject","inLanguage":"fr-FR","@id":"https:\/\/blueseal-aircurtains.com\/fr\/2025\/10\/01\/trouver-le-juste-equilibre-du-controle-climatique-du-fret-comment-les-rideaux-dair-blueseal-sattaquent-a-lun-des-plus-grands-defis-de-la-chaine-du-froid\/#primaryimage","url":"https:\/\/blueseal-aircurtains.com\/wp-content\/uploads\/2026\/03\/sweetspot.jpg","contentUrl":"https:\/\/blueseal-aircurtains.com\/wp-content\/uploads\/2026\/03\/sweetspot.jpg","width":1182,"height":667,"caption":"press article on blueseal"},{"@type":"BreadcrumbList","@id":"https:\/\/blueseal-aircurtains.com\/fr\/2025\/10\/01\/trouver-le-juste-equilibre-du-controle-climatique-du-fret-comment-les-rideaux-dair-blueseal-sattaquent-a-lun-des-plus-grands-defis-de-la-chaine-du-froid\/#breadcrumb","itemListElement":[{"@type":"ListItem","position":1,"name":"Home","item":"https:\/\/blueseal-aircurtains.com\/fr\/"},{"@type":"ListItem","position":2,"name":"Trouver le juste \u00e9quilibre du contr\u00f4le climatique du fret \u2013 comment les rideaux d&#8217;air BlueSeal s&#8217;attaquent \u00e0 l&#8217;un des plus grands d\u00e9fis de la cha\u00eene du froid"}]},{"@type":"WebSite","@id":"https:\/\/blueseal-aircurtains.com\/fr\/#website","url":"https:\/\/blueseal-aircurtains.com\/fr\/","name":"BlueSeal air curtains by Brightec BV","description":"Air curtains for temperature controlled transport","publisher":{"@id":"https:\/\/blueseal-aircurtains.com\/fr\/#organization"},"alternateName":"Brightec B.V.","potentialAction":[{"@type":"SearchAction","target":{"@type":"EntryPoint","urlTemplate":"https:\/\/blueseal-aircurtains.com\/fr\/?s={search_term_string}"},"query-input":{"@type":"PropertyValueSpecification","valueRequired":true,"valueName":"search_term_string"}}],"inLanguage":"fr-FR"},{"@type":"Organization","@id":"https:\/\/blueseal-aircurtains.com\/fr\/#organization","name":"BlueSeal air curtains by Brightec BV","alternateName":"Brightec B.V.","url":"https:\/\/blueseal-aircurtains.com\/fr\/","logo":{"@type":"ImageObject","inLanguage":"fr-FR","@id":"https:\/\/blueseal-aircurtains.com\/fr\/#\/schema\/logo\/image\/","url":"https:\/\/blueseal-aircurtains.com\/wp-content\/uploads\/2024\/07\/blueseal-logo-colored.svg","contentUrl":"https:\/\/blueseal-aircurtains.com\/wp-content\/uploads\/2024\/07\/blueseal-logo-colored.svg","width":240,"height":51,"caption":"BlueSeal air curtains by Brightec BV"},"image":{"@id":"https:\/\/blueseal-aircurtains.com\/fr\/#\/schema\/logo\/image\/"},"sameAs":["https:\/\/www.facebook.com\/brightecbv","https:\/\/x.com\/BrightecBv"]},{"@type":"Person","@id":"https:\/\/blueseal-aircurtains.com\/fr\/#\/schema\/person\/71c601725e12ece28f5c081951ab74b1","name":"joe","image":{"@type":"ImageObject","inLanguage":"fr-FR","@id":"https:\/\/secure.gravatar.com\/avatar\/68c42a352a5bb461e3807fed9f2c47d49f80268d827078858baef827e8a5afdc?s=96&d=mm&r=g","url":"https:\/\/secure.gravatar.com\/avatar\/68c42a352a5bb461e3807fed9f2c47d49f80268d827078858baef827e8a5afdc?s=96&d=mm&r=g","contentUrl":"https:\/\/secure.gravatar.com\/avatar\/68c42a352a5bb461e3807fed9f2c47d49f80268d827078858baef827e8a5afdc?s=96&d=mm&r=g","caption":"joe"},"url":"https:\/\/blueseal-aircurtains.com\/fr\/author\/joe\/"}]}},"_links":{"self":[{"href":"https:\/\/blueseal-aircurtains.com\/fr\/wp-json\/wp\/v2\/posts\/4599","targetHints":{"allow":["GET"]}}],"collection":[{"href":"https:\/\/blueseal-aircurtains.com\/fr\/wp-json\/wp\/v2\/posts"}],"about":[{"href":"https:\/\/blueseal-aircurtains.com\/fr\/wp-json\/wp\/v2\/types\/post"}],"author":[{"embeddable":true,"href":"https:\/\/blueseal-aircurtains.com\/fr\/wp-json\/wp\/v2\/users\/4"}],"replies":[{"embeddable":true,"href":"https:\/\/blueseal-aircurtains.com\/fr\/wp-json\/wp\/v2\/comments?post=4599"}],"version-history":[{"count":2,"href":"https:\/\/blueseal-aircurtains.com\/fr\/wp-json\/wp\/v2\/posts\/4599\/revisions"}],"predecessor-version":[{"id":4605,"href":"https:\/\/blueseal-aircurtains.com\/fr\/wp-json\/wp\/v2\/posts\/4599\/revisions\/4605"}],"wp:featuredmedia":[{"embeddable":true,"href":"https:\/\/blueseal-aircurtains.com\/fr\/wp-json\/wp\/v2\/media\/4595"}],"wp:attachment":[{"href":"https:\/\/blueseal-aircurtains.com\/fr\/wp-json\/wp\/v2\/media?parent=4599"}],"wp:term":[{"taxonomy":"category","embeddable":true,"href":"https:\/\/blueseal-aircurtains.com\/fr\/wp-json\/wp\/v2\/categories?post=4599"},{"taxonomy":"post_tag","embeddable":true,"href":"https:\/\/blueseal-aircurtains.com\/fr\/wp-json\/wp\/v2\/tags?post=4599"}],"curies":[{"name":"wp","href":"https:\/\/api.w.org\/{rel}","templated":true}]}}