{"id":2147,"date":"2020-12-02T00:00:53","date_gmt":"2020-12-02T00:00:53","guid":{"rendered":"https:\/\/blueseal-aircurtains.com\/2020\/12\/02\/actualite-partenariat-brightec-et-lamberetbrightec-partner-with-lamberet-for-disti-integrated-shutter-door-air-curtain\/"},"modified":"2025-02-17T13:20:59","modified_gmt":"2025-02-17T13:20:59","slug":"actualite-partenariat-brightec-et-lamberet","status":"publish","type":"post","link":"https:\/\/blueseal-aircurtains.com\/fr\/2020\/12\/02\/actualite-partenariat-brightec-et-lamberet\/","title":{"rendered":"Actualit\u00e9 : Partenariat Brightec \/ Lamberet et sa gamme de v\u00e9hicule Distri+"},"content":{"rendered":"<div class=\"wpb-content-wrapper\"><p>[vc_row css_animation=\u00a0\u00bb\u00a0\u00bb row_type=\u00a0\u00bbrow\u00a0\u00bb use_row_as_full_screen_section=\u00a0\u00bbno\u00a0\u00bb type=\u00a0\u00bbfull_width\u00a0\u00bb angled_section=\u00a0\u00bbno\u00a0\u00bb text_align=\u00a0\u00bbleft\u00a0\u00bb background_image_as_pattern=\u00a0\u00bbwithout_pattern\u00a0\u00bb][vc_column][vc_column_text css=\u00a0\u00bb\u00a0\u00bb]<strong>Brightec a d\u00e9velopp\u00e9 pour son client Lamberet un rideau d\u2019air pour la gamme de v\u00e9hicule Distri+, v\u00e9hicule \u00e9quip\u00e9 du mod\u00e8le de rideau 100% pneumatique et isotherme d\u00e9voil\u00e9 \u00e0 Solutrans 2019. Cette derni\u00e8re version du rideau d\u2019air BlueSeal est le fruit de 12 mois de travail collaboratif avec le service R&amp;D de Lamberet. A la rentr\u00e9e 2020, Lamberet a notamment \u00e9quip\u00e9 une soixantaine de semi-remorques de la marque Intermarch\u00e9 avec ces deux nouveaux syst\u00e8mes de rideaux. <\/strong><\/p>\n<p>Distri+ int\u00e8gre un rideau d\u2019air BlueSeal qui s\u2019active automatiquement lorsque la porte est ouverte, assurant ainsi la stabilit\u00e9 de la temp\u00e9rature dans le v\u00e9hicule. Gr\u00e2ce \u00e0 son design int\u00e9gr\u00e9, Distri+ offre jusqu\u2019\u00e0 25cm de hauteur libre suppl\u00e9mentaire par rapport \u00e0 une configuration classique et peut s\u2019ouvrir et se refermer en 10 secondes en utilisant le double cylindre pneumatique de Lamberet.<\/p>\n<p>Distri+ inclue les technologies que Brightec a popularis\u00e9 avec sa gamme de rideaux d\u2019air BlueSeal. Utilisant un syst\u00e8me de flux d\u2019air optimis\u00e9 et peu gourmand en termes de consommation \u00e9nerg\u00e9tique, les rideaux d\u2019air BlueSeal contribuent \u00e0 une meilleure efficience en cr\u00e9ant une barri\u00e8re climatique lors du chargement et du d\u00e9chargement des marchandises.<\/p>\n<p>Le fondateur de Brightec, Hans Opdam, a affirm\u00e9 : \u00ab Nous avons beaucoup appr\u00e9ci\u00e9 travailler avec l\u2019\u00e9quipe R&amp;D de Lamberet pour d\u00e9velopper Distri+. Nous sommes fiers de voir notre technologie fonctionner en tandem avec leurs qualit\u00e9s exceptionnelles de conception dans le but de cr\u00e9er ensemble une solution tout-en-un pour le contr\u00f4le climatique dans le domaine du transport \u00bb<\/p>\n<p>Les rideaux d\u2019air sont en train de rapidement devenir une solution privil\u00e9gi\u00e9e pour le contr\u00f4le climatique des v\u00e9hicules et peuvent \u00e0 terme augmenter la dur\u00e9e de vie des unit\u00e9s de r\u00e9frig\u00e9ration des v\u00e9hicules en limitant les pics d\u2019activit\u00e9 des \u00e9quipements de r\u00e9frig\u00e9ration durant les ouvertures de portes.<\/p>\n<p>Au cours de l\u2019ann\u00e9e, BlueSeal a \u00e9t\u00e9 test\u00e9 intensivement dans le cadre du projet g\u00e9r\u00e9 par le Centre for Sustainable Energy Use in Food Chains (CSEF) de Brunel University \u00e0 Londres, qui a conclu que des \u00e9conomies pouvant atteindre 45% pouvaient \u00eatre faites en utilisant BlueSeal sur des camions, et 30% pour les v\u00e9hicules l\u00e9gers.<\/p>\n<p><strong>Pour toutes demandes concernant la presse, contactez <a href=\"mailto:c.dubbeld@brightec.fr\">Carole Dubbeld<\/a><\/strong>[\/vc_column_text][\/vc_column][\/vc_row]<\/p>\n<\/div>","protected":false},"excerpt":{"rendered":"<p>Brightec a d\u00e9velopp\u00e9 pour son client Lamberet un rideau d\u2019air pour la gamme de v\u00e9hicule Distri+, v\u00e9hicule \u00e9quip\u00e9 du mod\u00e8le de rideau 100% pneumatique et isotherme d\u00e9voil\u00e9 \u00e0 Solutrans 2019. Cette derni\u00e8re version du rideau d\u2019air BlueSeal est le fruit de 12 mois de travail collaboratif avec le service R&amp;D de Lamberet. A la rentr\u00e9e 2020, Lamberet a notamment \u00e9quip\u00e9 une soixantaine de semi-remorque de la marque Intermarch\u00e9 avec ces deux nouveaux syst\u00e8mes de rideaux.  <\/p>\n","protected":false},"author":2,"featured_media":988,"comment_status":"closed","ping_status":"closed","sticky":false,"template":"","format":"standard","meta":{"inline_featured_image":false,"footnotes":""},"categories":[45],"tags":[],"class_list":["post-2147","post","type-post","status-publish","format-standard","has-post-thumbnail","hentry","category-news-fr"],"acf":[],"yoast_head":"<!-- This site is optimized with the Yoast SEO plugin v27.4 - https:\/\/yoast.com\/product\/yoast-seo-wordpress\/ -->\n<title>Actualit\u00e9 : Partenariat Brightec \/ Lamberet et sa gamme de v\u00e9hicule Distri+ &#8211; BlueSeal air curtains by Brightec BV<\/title>\n<meta name=\"robots\" content=\"index, follow, max-snippet:-1, max-image-preview:large, max-video-preview:-1\" \/>\n<link rel=\"canonical\" href=\"https:\/\/blueseal-aircurtains.com\/fr\/2020\/12\/02\/actualite-partenariat-brightec-et-lamberet\/\" \/>\n<meta property=\"og:locale\" content=\"fr_FR\" \/>\n<meta property=\"og:type\" content=\"article\" \/>\n<meta property=\"og:title\" content=\"Actualit\u00e9 : Partenariat Brightec \/ Lamberet et sa gamme de v\u00e9hicule Distri+ &#8211; BlueSeal air curtains by Brightec BV\" \/>\n<meta property=\"og:description\" content=\"Brightec a d\u00e9velopp\u00e9 pour son client Lamberet un rideau d\u2019air pour la gamme de v\u00e9hicule Distri+, v\u00e9hicule \u00e9quip\u00e9 du mod\u00e8le de rideau 100% pneumatique et isotherme d\u00e9voil\u00e9 \u00e0 Solutrans 2019. Cette derni\u00e8re version du rideau d\u2019air BlueSeal est le fruit de 12 mois de travail collaboratif avec le service R&amp;D de Lamberet. A la rentr\u00e9e 2020, Lamberet a notamment \u00e9quip\u00e9 une soixantaine de semi-remorque de la marque Intermarch\u00e9 avec ces deux nouveaux syst\u00e8mes de rideaux.\" \/>\n<meta property=\"og:url\" content=\"https:\/\/blueseal-aircurtains.com\/fr\/2020\/12\/02\/actualite-partenariat-brightec-et-lamberet\/\" \/>\n<meta property=\"og:site_name\" content=\"BlueSeal air curtains by Brightec BV\" \/>\n<meta property=\"article:publisher\" content=\"https:\/\/www.facebook.com\/brightecbv\" \/>\n<meta property=\"article:published_time\" content=\"2020-12-02T00:00:53+00:00\" \/>\n<meta property=\"article:modified_time\" content=\"2025-02-17T13:20:59+00:00\" \/>\n<meta property=\"og:image\" content=\"https:\/\/blueseal-aircurtains.com\/wp-content\/uploads\/2024\/09\/IMG_20191121_123327-980x735-1.jpeg\" \/>\n\t<meta property=\"og:image:width\" content=\"980\" \/>\n\t<meta property=\"og:image:height\" content=\"735\" \/>\n\t<meta property=\"og:image:type\" content=\"image\/jpeg\" \/>\n<meta name=\"author\" content=\"dev\" \/>\n<meta name=\"twitter:card\" content=\"summary_large_image\" \/>\n<meta name=\"twitter:creator\" content=\"@BrightecBv\" \/>\n<meta name=\"twitter:site\" content=\"@BrightecBv\" \/>\n<meta name=\"twitter:label1\" content=\"\u00c9crit par\" \/>\n\t<meta name=\"twitter:data1\" content=\"dev\" \/>\n\t<meta name=\"twitter:label2\" content=\"Dur\u00e9e de lecture estim\u00e9e\" \/>\n\t<meta name=\"twitter:data2\" content=\"2 minutes\" \/>\n<script type=\"application\/ld+json\" class=\"yoast-schema-graph\">{\"@context\":\"https:\\\/\\\/schema.org\",\"@graph\":[{\"@type\":\"Article\",\"@id\":\"https:\\\/\\\/blueseal-aircurtains.com\\\/fr\\\/2020\\\/12\\\/02\\\/actualite-partenariat-brightec-et-lamberet\\\/#article\",\"isPartOf\":{\"@id\":\"https:\\\/\\\/blueseal-aircurtains.com\\\/fr\\\/2020\\\/12\\\/02\\\/actualite-partenariat-brightec-et-lamberet\\\/\"},\"author\":{\"name\":\"dev\",\"@id\":\"https:\\\/\\\/blueseal-aircurtains.com\\\/fr\\\/#\\\/schema\\\/person\\\/481bed41a6011e613bf2eb0f774101b4\"},\"headline\":\"Actualit\u00e9 : Partenariat Brightec \\\/ Lamberet et sa gamme de v\u00e9hicule Distri+\",\"datePublished\":\"2020-12-02T00:00:53+00:00\",\"dateModified\":\"2025-02-17T13:20:59+00:00\",\"mainEntityOfPage\":{\"@id\":\"https:\\\/\\\/blueseal-aircurtains.com\\\/fr\\\/2020\\\/12\\\/02\\\/actualite-partenariat-brightec-et-lamberet\\\/\"},\"wordCount\":448,\"publisher\":{\"@id\":\"https:\\\/\\\/blueseal-aircurtains.com\\\/fr\\\/#organization\"},\"image\":{\"@id\":\"https:\\\/\\\/blueseal-aircurtains.com\\\/fr\\\/2020\\\/12\\\/02\\\/actualite-partenariat-brightec-et-lamberet\\\/#primaryimage\"},\"thumbnailUrl\":\"https:\\\/\\\/blueseal-aircurtains.com\\\/wp-content\\\/uploads\\\/2024\\\/09\\\/IMG_20191121_123327-980x735-1.jpeg\",\"articleSection\":[\"actualites\"],\"inLanguage\":\"fr-FR\"},{\"@type\":\"WebPage\",\"@id\":\"https:\\\/\\\/blueseal-aircurtains.com\\\/fr\\\/2020\\\/12\\\/02\\\/actualite-partenariat-brightec-et-lamberet\\\/\",\"url\":\"https:\\\/\\\/blueseal-aircurtains.com\\\/fr\\\/2020\\\/12\\\/02\\\/actualite-partenariat-brightec-et-lamberet\\\/\",\"name\":\"Actualit\u00e9 : Partenariat Brightec \\\/ Lamberet et sa gamme de v\u00e9hicule Distri+ &#8211; BlueSeal air curtains by Brightec BV\",\"isPartOf\":{\"@id\":\"https:\\\/\\\/blueseal-aircurtains.com\\\/fr\\\/#website\"},\"primaryImageOfPage\":{\"@id\":\"https:\\\/\\\/blueseal-aircurtains.com\\\/fr\\\/2020\\\/12\\\/02\\\/actualite-partenariat-brightec-et-lamberet\\\/#primaryimage\"},\"image\":{\"@id\":\"https:\\\/\\\/blueseal-aircurtains.com\\\/fr\\\/2020\\\/12\\\/02\\\/actualite-partenariat-brightec-et-lamberet\\\/#primaryimage\"},\"thumbnailUrl\":\"https:\\\/\\\/blueseal-aircurtains.com\\\/wp-content\\\/uploads\\\/2024\\\/09\\\/IMG_20191121_123327-980x735-1.jpeg\",\"datePublished\":\"2020-12-02T00:00:53+00:00\",\"dateModified\":\"2025-02-17T13:20:59+00:00\",\"breadcrumb\":{\"@id\":\"https:\\\/\\\/blueseal-aircurtains.com\\\/fr\\\/2020\\\/12\\\/02\\\/actualite-partenariat-brightec-et-lamberet\\\/#breadcrumb\"},\"inLanguage\":\"fr-FR\",\"potentialAction\":[{\"@type\":\"ReadAction\",\"target\":[\"https:\\\/\\\/blueseal-aircurtains.com\\\/fr\\\/2020\\\/12\\\/02\\\/actualite-partenariat-brightec-et-lamberet\\\/\"]}]},{\"@type\":\"ImageObject\",\"inLanguage\":\"fr-FR\",\"@id\":\"https:\\\/\\\/blueseal-aircurtains.com\\\/fr\\\/2020\\\/12\\\/02\\\/actualite-partenariat-brightec-et-lamberet\\\/#primaryimage\",\"url\":\"https:\\\/\\\/blueseal-aircurtains.com\\\/wp-content\\\/uploads\\\/2024\\\/09\\\/IMG_20191121_123327-980x735-1.jpeg\",\"contentUrl\":\"https:\\\/\\\/blueseal-aircurtains.com\\\/wp-content\\\/uploads\\\/2024\\\/09\\\/IMG_20191121_123327-980x735-1.jpeg\",\"width\":980,\"height\":735},{\"@type\":\"BreadcrumbList\",\"@id\":\"https:\\\/\\\/blueseal-aircurtains.com\\\/fr\\\/2020\\\/12\\\/02\\\/actualite-partenariat-brightec-et-lamberet\\\/#breadcrumb\",\"itemListElement\":[{\"@type\":\"ListItem\",\"position\":1,\"name\":\"Home\",\"item\":\"https:\\\/\\\/blueseal-aircurtains.com\\\/fr\\\/\"},{\"@type\":\"ListItem\",\"position\":2,\"name\":\"Actualit\u00e9 : Partenariat Brightec \\\/ Lamberet et sa gamme de v\u00e9hicule Distri+\"}]},{\"@type\":\"WebSite\",\"@id\":\"https:\\\/\\\/blueseal-aircurtains.com\\\/fr\\\/#website\",\"url\":\"https:\\\/\\\/blueseal-aircurtains.com\\\/fr\\\/\",\"name\":\"BlueSeal air curtains by Brightec BV\",\"description\":\"Air curtains for temperature controlled transport\",\"publisher\":{\"@id\":\"https:\\\/\\\/blueseal-aircurtains.com\\\/fr\\\/#organization\"},\"alternateName\":\"Brightec B.V.\",\"potentialAction\":[{\"@type\":\"SearchAction\",\"target\":{\"@type\":\"EntryPoint\",\"urlTemplate\":\"https:\\\/\\\/blueseal-aircurtains.com\\\/fr\\\/?s={search_term_string}\"},\"query-input\":{\"@type\":\"PropertyValueSpecification\",\"valueRequired\":true,\"valueName\":\"search_term_string\"}}],\"inLanguage\":\"fr-FR\"},{\"@type\":\"Organization\",\"@id\":\"https:\\\/\\\/blueseal-aircurtains.com\\\/fr\\\/#organization\",\"name\":\"BlueSeal air curtains by Brightec BV\",\"alternateName\":\"Brightec B.V.\",\"url\":\"https:\\\/\\\/blueseal-aircurtains.com\\\/fr\\\/\",\"logo\":{\"@type\":\"ImageObject\",\"inLanguage\":\"fr-FR\",\"@id\":\"https:\\\/\\\/blueseal-aircurtains.com\\\/fr\\\/#\\\/schema\\\/logo\\\/image\\\/\",\"url\":\"https:\\\/\\\/blueseal-aircurtains.com\\\/wp-content\\\/uploads\\\/2024\\\/07\\\/blueseal-logo-colored.svg\",\"contentUrl\":\"https:\\\/\\\/blueseal-aircurtains.com\\\/wp-content\\\/uploads\\\/2024\\\/07\\\/blueseal-logo-colored.svg\",\"width\":240,\"height\":51,\"caption\":\"BlueSeal air curtains by Brightec BV\"},\"image\":{\"@id\":\"https:\\\/\\\/blueseal-aircurtains.com\\\/fr\\\/#\\\/schema\\\/logo\\\/image\\\/\"},\"sameAs\":[\"https:\\\/\\\/www.facebook.com\\\/brightecbv\",\"https:\\\/\\\/x.com\\\/BrightecBv\"]},{\"@type\":\"Person\",\"@id\":\"https:\\\/\\\/blueseal-aircurtains.com\\\/fr\\\/#\\\/schema\\\/person\\\/481bed41a6011e613bf2eb0f774101b4\",\"name\":\"dev\",\"image\":{\"@type\":\"ImageObject\",\"inLanguage\":\"fr-FR\",\"@id\":\"https:\\\/\\\/secure.gravatar.com\\\/avatar\\\/4a2b6c480bb3a58fe62c99051c3e1ca9c9c06de8a61eb97fa22ba242a4dc4dea?s=96&d=mm&r=g\",\"url\":\"https:\\\/\\\/secure.gravatar.com\\\/avatar\\\/4a2b6c480bb3a58fe62c99051c3e1ca9c9c06de8a61eb97fa22ba242a4dc4dea?s=96&d=mm&r=g\",\"contentUrl\":\"https:\\\/\\\/secure.gravatar.com\\\/avatar\\\/4a2b6c480bb3a58fe62c99051c3e1ca9c9c06de8a61eb97fa22ba242a4dc4dea?s=96&d=mm&r=g\",\"caption\":\"dev\"},\"url\":\"https:\\\/\\\/blueseal-aircurtains.com\\\/fr\\\/author\\\/dev\\\/\"}]}<\/script>\n<!-- \/ Yoast SEO plugin. -->","yoast_head_json":{"title":"Actualit\u00e9 : Partenariat Brightec \/ Lamberet et sa gamme de v\u00e9hicule Distri+ &#8211; BlueSeal air curtains by Brightec BV","robots":{"index":"index","follow":"follow","max-snippet":"max-snippet:-1","max-image-preview":"max-image-preview:large","max-video-preview":"max-video-preview:-1"},"canonical":"https:\/\/blueseal-aircurtains.com\/fr\/2020\/12\/02\/actualite-partenariat-brightec-et-lamberet\/","og_locale":"fr_FR","og_type":"article","og_title":"Actualit\u00e9 : Partenariat Brightec \/ Lamberet et sa gamme de v\u00e9hicule Distri+ &#8211; BlueSeal air curtains by Brightec BV","og_description":"Brightec a d\u00e9velopp\u00e9 pour son client Lamberet un rideau d\u2019air pour la gamme de v\u00e9hicule Distri+, v\u00e9hicule \u00e9quip\u00e9 du mod\u00e8le de rideau 100% pneumatique et isotherme d\u00e9voil\u00e9 \u00e0 Solutrans 2019. Cette derni\u00e8re version du rideau d\u2019air BlueSeal est le fruit de 12 mois de travail collaboratif avec le service R&amp;D de Lamberet. A la rentr\u00e9e 2020, Lamberet a notamment \u00e9quip\u00e9 une soixantaine de semi-remorque de la marque Intermarch\u00e9 avec ces deux nouveaux syst\u00e8mes de rideaux.","og_url":"https:\/\/blueseal-aircurtains.com\/fr\/2020\/12\/02\/actualite-partenariat-brightec-et-lamberet\/","og_site_name":"BlueSeal air curtains by Brightec BV","article_publisher":"https:\/\/www.facebook.com\/brightecbv","article_published_time":"2020-12-02T00:00:53+00:00","article_modified_time":"2025-02-17T13:20:59+00:00","og_image":[{"width":980,"height":735,"url":"https:\/\/blueseal-aircurtains.com\/wp-content\/uploads\/2024\/09\/IMG_20191121_123327-980x735-1.jpeg","type":"image\/jpeg"}],"author":"dev","twitter_card":"summary_large_image","twitter_creator":"@BrightecBv","twitter_site":"@BrightecBv","twitter_misc":{"\u00c9crit par":"dev","Dur\u00e9e de lecture estim\u00e9e":"2 minutes"},"schema":{"@context":"https:\/\/schema.org","@graph":[{"@type":"Article","@id":"https:\/\/blueseal-aircurtains.com\/fr\/2020\/12\/02\/actualite-partenariat-brightec-et-lamberet\/#article","isPartOf":{"@id":"https:\/\/blueseal-aircurtains.com\/fr\/2020\/12\/02\/actualite-partenariat-brightec-et-lamberet\/"},"author":{"name":"dev","@id":"https:\/\/blueseal-aircurtains.com\/fr\/#\/schema\/person\/481bed41a6011e613bf2eb0f774101b4"},"headline":"Actualit\u00e9 : Partenariat Brightec \/ Lamberet et sa gamme de v\u00e9hicule Distri+","datePublished":"2020-12-02T00:00:53+00:00","dateModified":"2025-02-17T13:20:59+00:00","mainEntityOfPage":{"@id":"https:\/\/blueseal-aircurtains.com\/fr\/2020\/12\/02\/actualite-partenariat-brightec-et-lamberet\/"},"wordCount":448,"publisher":{"@id":"https:\/\/blueseal-aircurtains.com\/fr\/#organization"},"image":{"@id":"https:\/\/blueseal-aircurtains.com\/fr\/2020\/12\/02\/actualite-partenariat-brightec-et-lamberet\/#primaryimage"},"thumbnailUrl":"https:\/\/blueseal-aircurtains.com\/wp-content\/uploads\/2024\/09\/IMG_20191121_123327-980x735-1.jpeg","articleSection":["actualites"],"inLanguage":"fr-FR"},{"@type":"WebPage","@id":"https:\/\/blueseal-aircurtains.com\/fr\/2020\/12\/02\/actualite-partenariat-brightec-et-lamberet\/","url":"https:\/\/blueseal-aircurtains.com\/fr\/2020\/12\/02\/actualite-partenariat-brightec-et-lamberet\/","name":"Actualit\u00e9 : Partenariat Brightec \/ Lamberet et sa gamme de v\u00e9hicule Distri+ &#8211; BlueSeal air curtains by Brightec BV","isPartOf":{"@id":"https:\/\/blueseal-aircurtains.com\/fr\/#website"},"primaryImageOfPage":{"@id":"https:\/\/blueseal-aircurtains.com\/fr\/2020\/12\/02\/actualite-partenariat-brightec-et-lamberet\/#primaryimage"},"image":{"@id":"https:\/\/blueseal-aircurtains.com\/fr\/2020\/12\/02\/actualite-partenariat-brightec-et-lamberet\/#primaryimage"},"thumbnailUrl":"https:\/\/blueseal-aircurtains.com\/wp-content\/uploads\/2024\/09\/IMG_20191121_123327-980x735-1.jpeg","datePublished":"2020-12-02T00:00:53+00:00","dateModified":"2025-02-17T13:20:59+00:00","breadcrumb":{"@id":"https:\/\/blueseal-aircurtains.com\/fr\/2020\/12\/02\/actualite-partenariat-brightec-et-lamberet\/#breadcrumb"},"inLanguage":"fr-FR","potentialAction":[{"@type":"ReadAction","target":["https:\/\/blueseal-aircurtains.com\/fr\/2020\/12\/02\/actualite-partenariat-brightec-et-lamberet\/"]}]},{"@type":"ImageObject","inLanguage":"fr-FR","@id":"https:\/\/blueseal-aircurtains.com\/fr\/2020\/12\/02\/actualite-partenariat-brightec-et-lamberet\/#primaryimage","url":"https:\/\/blueseal-aircurtains.com\/wp-content\/uploads\/2024\/09\/IMG_20191121_123327-980x735-1.jpeg","contentUrl":"https:\/\/blueseal-aircurtains.com\/wp-content\/uploads\/2024\/09\/IMG_20191121_123327-980x735-1.jpeg","width":980,"height":735},{"@type":"BreadcrumbList","@id":"https:\/\/blueseal-aircurtains.com\/fr\/2020\/12\/02\/actualite-partenariat-brightec-et-lamberet\/#breadcrumb","itemListElement":[{"@type":"ListItem","position":1,"name":"Home","item":"https:\/\/blueseal-aircurtains.com\/fr\/"},{"@type":"ListItem","position":2,"name":"Actualit\u00e9 : Partenariat Brightec \/ Lamberet et sa gamme de v\u00e9hicule Distri+"}]},{"@type":"WebSite","@id":"https:\/\/blueseal-aircurtains.com\/fr\/#website","url":"https:\/\/blueseal-aircurtains.com\/fr\/","name":"BlueSeal air curtains by Brightec BV","description":"Air curtains for temperature controlled transport","publisher":{"@id":"https:\/\/blueseal-aircurtains.com\/fr\/#organization"},"alternateName":"Brightec B.V.","potentialAction":[{"@type":"SearchAction","target":{"@type":"EntryPoint","urlTemplate":"https:\/\/blueseal-aircurtains.com\/fr\/?s={search_term_string}"},"query-input":{"@type":"PropertyValueSpecification","valueRequired":true,"valueName":"search_term_string"}}],"inLanguage":"fr-FR"},{"@type":"Organization","@id":"https:\/\/blueseal-aircurtains.com\/fr\/#organization","name":"BlueSeal air curtains by Brightec BV","alternateName":"Brightec B.V.","url":"https:\/\/blueseal-aircurtains.com\/fr\/","logo":{"@type":"ImageObject","inLanguage":"fr-FR","@id":"https:\/\/blueseal-aircurtains.com\/fr\/#\/schema\/logo\/image\/","url":"https:\/\/blueseal-aircurtains.com\/wp-content\/uploads\/2024\/07\/blueseal-logo-colored.svg","contentUrl":"https:\/\/blueseal-aircurtains.com\/wp-content\/uploads\/2024\/07\/blueseal-logo-colored.svg","width":240,"height":51,"caption":"BlueSeal air curtains by Brightec BV"},"image":{"@id":"https:\/\/blueseal-aircurtains.com\/fr\/#\/schema\/logo\/image\/"},"sameAs":["https:\/\/www.facebook.com\/brightecbv","https:\/\/x.com\/BrightecBv"]},{"@type":"Person","@id":"https:\/\/blueseal-aircurtains.com\/fr\/#\/schema\/person\/481bed41a6011e613bf2eb0f774101b4","name":"dev","image":{"@type":"ImageObject","inLanguage":"fr-FR","@id":"https:\/\/secure.gravatar.com\/avatar\/4a2b6c480bb3a58fe62c99051c3e1ca9c9c06de8a61eb97fa22ba242a4dc4dea?s=96&d=mm&r=g","url":"https:\/\/secure.gravatar.com\/avatar\/4a2b6c480bb3a58fe62c99051c3e1ca9c9c06de8a61eb97fa22ba242a4dc4dea?s=96&d=mm&r=g","contentUrl":"https:\/\/secure.gravatar.com\/avatar\/4a2b6c480bb3a58fe62c99051c3e1ca9c9c06de8a61eb97fa22ba242a4dc4dea?s=96&d=mm&r=g","caption":"dev"},"url":"https:\/\/blueseal-aircurtains.com\/fr\/author\/dev\/"}]}},"_links":{"self":[{"href":"https:\/\/blueseal-aircurtains.com\/fr\/wp-json\/wp\/v2\/posts\/2147","targetHints":{"allow":["GET"]}}],"collection":[{"href":"https:\/\/blueseal-aircurtains.com\/fr\/wp-json\/wp\/v2\/posts"}],"about":[{"href":"https:\/\/blueseal-aircurtains.com\/fr\/wp-json\/wp\/v2\/types\/post"}],"author":[{"embeddable":true,"href":"https:\/\/blueseal-aircurtains.com\/fr\/wp-json\/wp\/v2\/users\/2"}],"replies":[{"embeddable":true,"href":"https:\/\/blueseal-aircurtains.com\/fr\/wp-json\/wp\/v2\/comments?post=2147"}],"version-history":[{"count":8,"href":"https:\/\/blueseal-aircurtains.com\/fr\/wp-json\/wp\/v2\/posts\/2147\/revisions"}],"predecessor-version":[{"id":3074,"href":"https:\/\/blueseal-aircurtains.com\/fr\/wp-json\/wp\/v2\/posts\/2147\/revisions\/3074"}],"wp:featuredmedia":[{"embeddable":true,"href":"https:\/\/blueseal-aircurtains.com\/fr\/wp-json\/wp\/v2\/media\/988"}],"wp:attachment":[{"href":"https:\/\/blueseal-aircurtains.com\/fr\/wp-json\/wp\/v2\/media?parent=2147"}],"wp:term":[{"taxonomy":"category","embeddable":true,"href":"https:\/\/blueseal-aircurtains.com\/fr\/wp-json\/wp\/v2\/categories?post=2147"},{"taxonomy":"post_tag","embeddable":true,"href":"https:\/\/blueseal-aircurtains.com\/fr\/wp-json\/wp\/v2\/tags?post=2147"}],"curies":[{"name":"wp","href":"https:\/\/api.w.org\/{rel}","templated":true}]}}