{"id":1866,"date":"2023-02-15T00:00:39","date_gmt":"2023-02-15T00:00:39","guid":{"rendered":"https:\/\/blueseal-aircurtains.com\/2023\/02\/15\/blueseal-air-curtains-reduces-environmental-footprint-by-switching-to-aluminium-with-low-co2-emission-carbon\/"},"modified":"2024-11-10T11:18:19","modified_gmt":"2024-11-10T11:18:19","slug":"les-rideaux-dair-blueseal-reduisent-leur-empreinte-environnementale-en-adoptant-laluminium-a-faible-emission-de-co2","status":"publish","type":"post","link":"https:\/\/blueseal-aircurtains.com\/fr\/2023\/02\/15\/les-rideaux-dair-blueseal-reduisent-leur-empreinte-environnementale-en-adoptant-laluminium-a-faible-emission-de-co2\/","title":{"rendered":"Les rideaux d\u2019air BlueSeal r\u00e9duisent leur empreinte environnementale en adoptant l\u2019aluminium \u00e0 faible \u00e9mission de CO2."},"content":{"rendered":"<div class=\"wpb-content-wrapper\"><p>[vc_row css_animation=\u00a0\u00bb\u00a0\u00bb row_type=\u00a0\u00bbrow\u00a0\u00bb use_row_as_full_screen_section=\u00a0\u00bbno\u00a0\u00bb type=\u00a0\u00bbfull_width\u00a0\u00bb angled_section=\u00a0\u00bbno\u00a0\u00bb text_align=\u00a0\u00bbleft\u00a0\u00bb background_image_as_pattern=\u00a0\u00bbwithout_pattern\u00a0\u00bb][vc_column][vc_column_text css=\u00a0\u00bb\u00a0\u00bb]Brightec, la soci\u00e9t\u00e9 \u00e0 l\u2019origine des rideaux d\u2019air BlueSeal\u00ae a adopt\u00e9 une m\u00e9thode de production plus durable, en rempla\u00e7ant l\u2019aluminium utilis\u00e9 pour fabriquer les unit\u00e9s par de l\u2019Hydro REDUXA. Ce mat\u00e9riau g\u00e9n\u00e8re beaucoup moins d\u2019\u00e9missions de CO<sub>2<\/sub>\u00a0que ses homologues et est produit \u00e0 l\u2019aide d\u2019\u00e9nergie renouvelable provenant de l\u2019\u00e9nergie hydraulique, \u00e9olienne et solaire.<\/p>\n<p>En tant qu\u2019entreprise ayant pour mission de r\u00e9duire les \u00e9missions li\u00e9es au transport en diminuant la consommation d\u2019\u00e9nergie, Brightec s\u2019est efforc\u00e9e de trouver le moyen le plus \u00e9cologique de fabriquer ses unit\u00e9s, sans compromettre la qualit\u00e9 de ses produits. En produisant BlueSeal\u00ae dans leur pays d\u2019origine, la Hollande, l\u2019empreinte carbone est d\u00e9j\u00e0 consid\u00e9rablement r\u00e9duite par rapport \u00e0 l\u2019importation d\u2019installations \u00e0 l\u2019\u00e9tranger. Ce changement de mat\u00e9riau est la prochaine \u00e9tape dans leurs objectifs de production durable et respectueuse de l\u2019environnement.<\/p>\n<p>Le fournisseur norv\u00e9gien, Hydro REDUXA a une empreinte CO<sub>2<\/sub>\u00a0maximale de 4,0 kilogrammes de CO<sub>2<\/sub>\u00a0par kilogramme d\u2019aluminium pendant sa production. Cette donn\u00e9e repr\u00e9sente un quart de la moyenne mondiale pour la production de ce mat\u00e9riau.<\/p>\n<p>Hans Opdam, fondateur de Brightec a d\u00e9clar\u00e9 \u00e0 propos de cette initiative : \u00ab\u00a0Depuis sa cr\u00e9ation, Brightec est motiv\u00e9 par le changement climatique mondial et l\u2019\u00e9puisement des combustibles fossiles. En tant que produit cr\u00e9\u00e9 pour r\u00e9duire les \u00e9missions dans le transport frigorifique, il semble logique que nous fassions tout ce qui est en notre pouvoir pour tendre vers des m\u00e9thodes de production plus durables. Nous avons \u00e9t\u00e9 particuli\u00e8rement impressionn\u00e9s par le fait que Hydro REDUXA puisse offrir un produit de qualit\u00e9, leader dans l\u2019industrie, avec une empreinte carbone radicalement inf\u00e9rieure \u00e0 celle des autres fabricants, tout en restant \u00e0 un prix comp\u00e9titif.\u00a0\u00bb<\/p>\n<p>Alors que les \u00e9changes autour de la r\u00e9duction des \u00e9missions reste la priorit\u00e9 pour de nombreux transporteurs, Brightec est fier de s\u2019associer \u00e0 une entreprise qui s\u2019engage \u00e0 utiliser de l\u2019\u00e9nergie propre dans sa production et encourage les autres fabricants \u00e0 envisager ce qu\u2019ils pourraient faire pour compenser leurs propres \u00e9missions de carbone.[\/vc_column_text][\/vc_column][\/vc_row]<\/p>\n<\/div>","protected":false},"excerpt":{"rendered":"<p>Brightec, la soci\u00e9t\u00e9 \u00e0 l\u2019origine des rideaux d\u2019air BlueSeal\u00ae a adopt\u00e9 une m\u00e9thode de production plus durable, en rempla\u00e7ant l\u2019aluminium utilis\u00e9 pour fabriquer les unit\u00e9s par de l\u2019Hydro REDUXA. Ce mat\u00e9riau g\u00e9n\u00e8re beaucoup moins d\u2019\u00e9missions de CO2 que ses homologues et&#8230;<\/p>\n","protected":false},"author":2,"featured_media":691,"comment_status":"closed","ping_status":"closed","sticky":false,"template":"","format":"standard","meta":{"inline_featured_image":false,"footnotes":""},"categories":[45],"tags":[],"class_list":["post-1866","post","type-post","status-publish","format-standard","has-post-thumbnail","hentry","category-news-fr"],"acf":[],"yoast_head":"<!-- This site is optimized with the Yoast SEO plugin v27.4 - https:\/\/yoast.com\/product\/yoast-seo-wordpress\/ -->\n<title>Les rideaux d\u2019air BlueSeal r\u00e9duisent leur empreinte environnementale en adoptant l\u2019aluminium \u00e0 faible \u00e9mission de CO2. &#8211; BlueSeal air curtains by Brightec BV<\/title>\n<meta name=\"robots\" content=\"index, follow, max-snippet:-1, max-image-preview:large, max-video-preview:-1\" \/>\n<link rel=\"canonical\" href=\"https:\/\/blueseal-aircurtains.com\/fr\/2023\/02\/15\/les-rideaux-dair-blueseal-reduisent-leur-empreinte-environnementale-en-adoptant-laluminium-a-faible-emission-de-co2\/\" \/>\n<meta property=\"og:locale\" content=\"fr_FR\" \/>\n<meta property=\"og:type\" content=\"article\" \/>\n<meta property=\"og:title\" content=\"Les rideaux d\u2019air BlueSeal r\u00e9duisent leur empreinte environnementale en adoptant l\u2019aluminium \u00e0 faible \u00e9mission de CO2. &#8211; BlueSeal air curtains by Brightec BV\" \/>\n<meta property=\"og:description\" content=\"Brightec, la soci\u00e9t\u00e9 \u00e0 l\u2019origine des rideaux d\u2019air BlueSeal\u00ae a adopt\u00e9 une m\u00e9thode de production plus durable, en rempla\u00e7ant l\u2019aluminium utilis\u00e9 pour fabriquer les unit\u00e9s par de l\u2019Hydro REDUXA. Ce mat\u00e9riau g\u00e9n\u00e8re beaucoup moins d\u2019\u00e9missions de CO2 que ses homologues et...\" \/>\n<meta property=\"og:url\" content=\"https:\/\/blueseal-aircurtains.com\/fr\/2023\/02\/15\/les-rideaux-dair-blueseal-reduisent-leur-empreinte-environnementale-en-adoptant-laluminium-a-faible-emission-de-co2\/\" \/>\n<meta property=\"og:site_name\" content=\"BlueSeal air curtains by Brightec BV\" \/>\n<meta property=\"article:publisher\" content=\"https:\/\/www.facebook.com\/brightecbv\" \/>\n<meta property=\"article:published_time\" content=\"2023-02-15T00:00:39+00:00\" \/>\n<meta property=\"article:modified_time\" content=\"2024-11-10T11:18:19+00:00\" \/>\n<meta property=\"og:image\" content=\"https:\/\/blueseal-aircurtains.com\/wp-content\/uploads\/2024\/07\/blueseal-news_low_carbon_aluminium_tag_water.jpeg\" \/>\n\t<meta property=\"og:image:width\" content=\"1036\" \/>\n\t<meta property=\"og:image:height\" content=\"440\" \/>\n\t<meta property=\"og:image:type\" content=\"image\/jpeg\" \/>\n<meta name=\"author\" content=\"dev\" \/>\n<meta name=\"twitter:card\" content=\"summary_large_image\" \/>\n<meta name=\"twitter:creator\" content=\"@BrightecBv\" \/>\n<meta name=\"twitter:site\" content=\"@BrightecBv\" \/>\n<meta name=\"twitter:label1\" content=\"\u00c9crit par\" \/>\n\t<meta name=\"twitter:data1\" content=\"dev\" \/>\n\t<meta name=\"twitter:label2\" content=\"Dur\u00e9e de lecture estim\u00e9e\" \/>\n\t<meta name=\"twitter:data2\" content=\"2 minutes\" \/>\n<script type=\"application\/ld+json\" class=\"yoast-schema-graph\">{\"@context\":\"https:\\\/\\\/schema.org\",\"@graph\":[{\"@type\":\"Article\",\"@id\":\"https:\\\/\\\/blueseal-aircurtains.com\\\/fr\\\/2023\\\/02\\\/15\\\/les-rideaux-dair-blueseal-reduisent-leur-empreinte-environnementale-en-adoptant-laluminium-a-faible-emission-de-co2\\\/#article\",\"isPartOf\":{\"@id\":\"https:\\\/\\\/blueseal-aircurtains.com\\\/fr\\\/2023\\\/02\\\/15\\\/les-rideaux-dair-blueseal-reduisent-leur-empreinte-environnementale-en-adoptant-laluminium-a-faible-emission-de-co2\\\/\"},\"author\":{\"name\":\"dev\",\"@id\":\"https:\\\/\\\/blueseal-aircurtains.com\\\/fr\\\/#\\\/schema\\\/person\\\/481bed41a6011e613bf2eb0f774101b4\"},\"headline\":\"Les rideaux d\u2019air BlueSeal r\u00e9duisent leur empreinte environnementale en adoptant l\u2019aluminium \u00e0 faible \u00e9mission de CO2.\",\"datePublished\":\"2023-02-15T00:00:39+00:00\",\"dateModified\":\"2024-11-10T11:18:19+00:00\",\"mainEntityOfPage\":{\"@id\":\"https:\\\/\\\/blueseal-aircurtains.com\\\/fr\\\/2023\\\/02\\\/15\\\/les-rideaux-dair-blueseal-reduisent-leur-empreinte-environnementale-en-adoptant-laluminium-a-faible-emission-de-co2\\\/\"},\"wordCount\":424,\"publisher\":{\"@id\":\"https:\\\/\\\/blueseal-aircurtains.com\\\/fr\\\/#organization\"},\"image\":{\"@id\":\"https:\\\/\\\/blueseal-aircurtains.com\\\/fr\\\/2023\\\/02\\\/15\\\/les-rideaux-dair-blueseal-reduisent-leur-empreinte-environnementale-en-adoptant-laluminium-a-faible-emission-de-co2\\\/#primaryimage\"},\"thumbnailUrl\":\"https:\\\/\\\/blueseal-aircurtains.com\\\/wp-content\\\/uploads\\\/2024\\\/07\\\/blueseal-news_low_carbon_aluminium_tag_water.jpeg\",\"articleSection\":[\"actualites\"],\"inLanguage\":\"fr-FR\"},{\"@type\":\"WebPage\",\"@id\":\"https:\\\/\\\/blueseal-aircurtains.com\\\/fr\\\/2023\\\/02\\\/15\\\/les-rideaux-dair-blueseal-reduisent-leur-empreinte-environnementale-en-adoptant-laluminium-a-faible-emission-de-co2\\\/\",\"url\":\"https:\\\/\\\/blueseal-aircurtains.com\\\/fr\\\/2023\\\/02\\\/15\\\/les-rideaux-dair-blueseal-reduisent-leur-empreinte-environnementale-en-adoptant-laluminium-a-faible-emission-de-co2\\\/\",\"name\":\"Les rideaux d\u2019air BlueSeal r\u00e9duisent leur empreinte environnementale en adoptant l\u2019aluminium \u00e0 faible \u00e9mission de CO2. &#8211; BlueSeal air curtains by Brightec BV\",\"isPartOf\":{\"@id\":\"https:\\\/\\\/blueseal-aircurtains.com\\\/fr\\\/#website\"},\"primaryImageOfPage\":{\"@id\":\"https:\\\/\\\/blueseal-aircurtains.com\\\/fr\\\/2023\\\/02\\\/15\\\/les-rideaux-dair-blueseal-reduisent-leur-empreinte-environnementale-en-adoptant-laluminium-a-faible-emission-de-co2\\\/#primaryimage\"},\"image\":{\"@id\":\"https:\\\/\\\/blueseal-aircurtains.com\\\/fr\\\/2023\\\/02\\\/15\\\/les-rideaux-dair-blueseal-reduisent-leur-empreinte-environnementale-en-adoptant-laluminium-a-faible-emission-de-co2\\\/#primaryimage\"},\"thumbnailUrl\":\"https:\\\/\\\/blueseal-aircurtains.com\\\/wp-content\\\/uploads\\\/2024\\\/07\\\/blueseal-news_low_carbon_aluminium_tag_water.jpeg\",\"datePublished\":\"2023-02-15T00:00:39+00:00\",\"dateModified\":\"2024-11-10T11:18:19+00:00\",\"breadcrumb\":{\"@id\":\"https:\\\/\\\/blueseal-aircurtains.com\\\/fr\\\/2023\\\/02\\\/15\\\/les-rideaux-dair-blueseal-reduisent-leur-empreinte-environnementale-en-adoptant-laluminium-a-faible-emission-de-co2\\\/#breadcrumb\"},\"inLanguage\":\"fr-FR\",\"potentialAction\":[{\"@type\":\"ReadAction\",\"target\":[\"https:\\\/\\\/blueseal-aircurtains.com\\\/fr\\\/2023\\\/02\\\/15\\\/les-rideaux-dair-blueseal-reduisent-leur-empreinte-environnementale-en-adoptant-laluminium-a-faible-emission-de-co2\\\/\"]}]},{\"@type\":\"ImageObject\",\"inLanguage\":\"fr-FR\",\"@id\":\"https:\\\/\\\/blueseal-aircurtains.com\\\/fr\\\/2023\\\/02\\\/15\\\/les-rideaux-dair-blueseal-reduisent-leur-empreinte-environnementale-en-adoptant-laluminium-a-faible-emission-de-co2\\\/#primaryimage\",\"url\":\"https:\\\/\\\/blueseal-aircurtains.com\\\/wp-content\\\/uploads\\\/2024\\\/07\\\/blueseal-news_low_carbon_aluminium_tag_water.jpeg\",\"contentUrl\":\"https:\\\/\\\/blueseal-aircurtains.com\\\/wp-content\\\/uploads\\\/2024\\\/07\\\/blueseal-news_low_carbon_aluminium_tag_water.jpeg\",\"width\":1036,\"height\":440},{\"@type\":\"BreadcrumbList\",\"@id\":\"https:\\\/\\\/blueseal-aircurtains.com\\\/fr\\\/2023\\\/02\\\/15\\\/les-rideaux-dair-blueseal-reduisent-leur-empreinte-environnementale-en-adoptant-laluminium-a-faible-emission-de-co2\\\/#breadcrumb\",\"itemListElement\":[{\"@type\":\"ListItem\",\"position\":1,\"name\":\"Home\",\"item\":\"https:\\\/\\\/blueseal-aircurtains.com\\\/fr\\\/\"},{\"@type\":\"ListItem\",\"position\":2,\"name\":\"Les rideaux d\u2019air BlueSeal r\u00e9duisent leur empreinte environnementale en adoptant l\u2019aluminium \u00e0 faible \u00e9mission de CO2.\"}]},{\"@type\":\"WebSite\",\"@id\":\"https:\\\/\\\/blueseal-aircurtains.com\\\/fr\\\/#website\",\"url\":\"https:\\\/\\\/blueseal-aircurtains.com\\\/fr\\\/\",\"name\":\"BlueSeal air curtains by Brightec BV\",\"description\":\"Air curtains for temperature controlled transport\",\"publisher\":{\"@id\":\"https:\\\/\\\/blueseal-aircurtains.com\\\/fr\\\/#organization\"},\"alternateName\":\"Brightec B.V.\",\"potentialAction\":[{\"@type\":\"SearchAction\",\"target\":{\"@type\":\"EntryPoint\",\"urlTemplate\":\"https:\\\/\\\/blueseal-aircurtains.com\\\/fr\\\/?s={search_term_string}\"},\"query-input\":{\"@type\":\"PropertyValueSpecification\",\"valueRequired\":true,\"valueName\":\"search_term_string\"}}],\"inLanguage\":\"fr-FR\"},{\"@type\":\"Organization\",\"@id\":\"https:\\\/\\\/blueseal-aircurtains.com\\\/fr\\\/#organization\",\"name\":\"BlueSeal air curtains by Brightec BV\",\"alternateName\":\"Brightec B.V.\",\"url\":\"https:\\\/\\\/blueseal-aircurtains.com\\\/fr\\\/\",\"logo\":{\"@type\":\"ImageObject\",\"inLanguage\":\"fr-FR\",\"@id\":\"https:\\\/\\\/blueseal-aircurtains.com\\\/fr\\\/#\\\/schema\\\/logo\\\/image\\\/\",\"url\":\"https:\\\/\\\/blueseal-aircurtains.com\\\/wp-content\\\/uploads\\\/2024\\\/07\\\/blueseal-logo-colored.svg\",\"contentUrl\":\"https:\\\/\\\/blueseal-aircurtains.com\\\/wp-content\\\/uploads\\\/2024\\\/07\\\/blueseal-logo-colored.svg\",\"width\":240,\"height\":51,\"caption\":\"BlueSeal air curtains by Brightec BV\"},\"image\":{\"@id\":\"https:\\\/\\\/blueseal-aircurtains.com\\\/fr\\\/#\\\/schema\\\/logo\\\/image\\\/\"},\"sameAs\":[\"https:\\\/\\\/www.facebook.com\\\/brightecbv\",\"https:\\\/\\\/x.com\\\/BrightecBv\"]},{\"@type\":\"Person\",\"@id\":\"https:\\\/\\\/blueseal-aircurtains.com\\\/fr\\\/#\\\/schema\\\/person\\\/481bed41a6011e613bf2eb0f774101b4\",\"name\":\"dev\",\"image\":{\"@type\":\"ImageObject\",\"inLanguage\":\"fr-FR\",\"@id\":\"https:\\\/\\\/secure.gravatar.com\\\/avatar\\\/4a2b6c480bb3a58fe62c99051c3e1ca9c9c06de8a61eb97fa22ba242a4dc4dea?s=96&d=mm&r=g\",\"url\":\"https:\\\/\\\/secure.gravatar.com\\\/avatar\\\/4a2b6c480bb3a58fe62c99051c3e1ca9c9c06de8a61eb97fa22ba242a4dc4dea?s=96&d=mm&r=g\",\"contentUrl\":\"https:\\\/\\\/secure.gravatar.com\\\/avatar\\\/4a2b6c480bb3a58fe62c99051c3e1ca9c9c06de8a61eb97fa22ba242a4dc4dea?s=96&d=mm&r=g\",\"caption\":\"dev\"},\"url\":\"https:\\\/\\\/blueseal-aircurtains.com\\\/fr\\\/author\\\/dev\\\/\"}]}<\/script>\n<!-- \/ Yoast SEO plugin. -->","yoast_head_json":{"title":"Les rideaux d\u2019air BlueSeal r\u00e9duisent leur empreinte environnementale en adoptant l\u2019aluminium \u00e0 faible \u00e9mission de CO2. &#8211; BlueSeal air curtains by Brightec BV","robots":{"index":"index","follow":"follow","max-snippet":"max-snippet:-1","max-image-preview":"max-image-preview:large","max-video-preview":"max-video-preview:-1"},"canonical":"https:\/\/blueseal-aircurtains.com\/fr\/2023\/02\/15\/les-rideaux-dair-blueseal-reduisent-leur-empreinte-environnementale-en-adoptant-laluminium-a-faible-emission-de-co2\/","og_locale":"fr_FR","og_type":"article","og_title":"Les rideaux d\u2019air BlueSeal r\u00e9duisent leur empreinte environnementale en adoptant l\u2019aluminium \u00e0 faible \u00e9mission de CO2. &#8211; BlueSeal air curtains by Brightec BV","og_description":"Brightec, la soci\u00e9t\u00e9 \u00e0 l\u2019origine des rideaux d\u2019air BlueSeal\u00ae a adopt\u00e9 une m\u00e9thode de production plus durable, en rempla\u00e7ant l\u2019aluminium utilis\u00e9 pour fabriquer les unit\u00e9s par de l\u2019Hydro REDUXA. Ce mat\u00e9riau g\u00e9n\u00e8re beaucoup moins d\u2019\u00e9missions de CO2 que ses homologues et...","og_url":"https:\/\/blueseal-aircurtains.com\/fr\/2023\/02\/15\/les-rideaux-dair-blueseal-reduisent-leur-empreinte-environnementale-en-adoptant-laluminium-a-faible-emission-de-co2\/","og_site_name":"BlueSeal air curtains by Brightec BV","article_publisher":"https:\/\/www.facebook.com\/brightecbv","article_published_time":"2023-02-15T00:00:39+00:00","article_modified_time":"2024-11-10T11:18:19+00:00","og_image":[{"width":1036,"height":440,"url":"https:\/\/blueseal-aircurtains.com\/wp-content\/uploads\/2024\/07\/blueseal-news_low_carbon_aluminium_tag_water.jpeg","type":"image\/jpeg"}],"author":"dev","twitter_card":"summary_large_image","twitter_creator":"@BrightecBv","twitter_site":"@BrightecBv","twitter_misc":{"\u00c9crit par":"dev","Dur\u00e9e de lecture estim\u00e9e":"2 minutes"},"schema":{"@context":"https:\/\/schema.org","@graph":[{"@type":"Article","@id":"https:\/\/blueseal-aircurtains.com\/fr\/2023\/02\/15\/les-rideaux-dair-blueseal-reduisent-leur-empreinte-environnementale-en-adoptant-laluminium-a-faible-emission-de-co2\/#article","isPartOf":{"@id":"https:\/\/blueseal-aircurtains.com\/fr\/2023\/02\/15\/les-rideaux-dair-blueseal-reduisent-leur-empreinte-environnementale-en-adoptant-laluminium-a-faible-emission-de-co2\/"},"author":{"name":"dev","@id":"https:\/\/blueseal-aircurtains.com\/fr\/#\/schema\/person\/481bed41a6011e613bf2eb0f774101b4"},"headline":"Les rideaux d\u2019air BlueSeal r\u00e9duisent leur empreinte environnementale en adoptant l\u2019aluminium \u00e0 faible \u00e9mission de CO2.","datePublished":"2023-02-15T00:00:39+00:00","dateModified":"2024-11-10T11:18:19+00:00","mainEntityOfPage":{"@id":"https:\/\/blueseal-aircurtains.com\/fr\/2023\/02\/15\/les-rideaux-dair-blueseal-reduisent-leur-empreinte-environnementale-en-adoptant-laluminium-a-faible-emission-de-co2\/"},"wordCount":424,"publisher":{"@id":"https:\/\/blueseal-aircurtains.com\/fr\/#organization"},"image":{"@id":"https:\/\/blueseal-aircurtains.com\/fr\/2023\/02\/15\/les-rideaux-dair-blueseal-reduisent-leur-empreinte-environnementale-en-adoptant-laluminium-a-faible-emission-de-co2\/#primaryimage"},"thumbnailUrl":"https:\/\/blueseal-aircurtains.com\/wp-content\/uploads\/2024\/07\/blueseal-news_low_carbon_aluminium_tag_water.jpeg","articleSection":["actualites"],"inLanguage":"fr-FR"},{"@type":"WebPage","@id":"https:\/\/blueseal-aircurtains.com\/fr\/2023\/02\/15\/les-rideaux-dair-blueseal-reduisent-leur-empreinte-environnementale-en-adoptant-laluminium-a-faible-emission-de-co2\/","url":"https:\/\/blueseal-aircurtains.com\/fr\/2023\/02\/15\/les-rideaux-dair-blueseal-reduisent-leur-empreinte-environnementale-en-adoptant-laluminium-a-faible-emission-de-co2\/","name":"Les rideaux d\u2019air BlueSeal r\u00e9duisent leur empreinte environnementale en adoptant l\u2019aluminium \u00e0 faible \u00e9mission de CO2. &#8211; BlueSeal air curtains by Brightec BV","isPartOf":{"@id":"https:\/\/blueseal-aircurtains.com\/fr\/#website"},"primaryImageOfPage":{"@id":"https:\/\/blueseal-aircurtains.com\/fr\/2023\/02\/15\/les-rideaux-dair-blueseal-reduisent-leur-empreinte-environnementale-en-adoptant-laluminium-a-faible-emission-de-co2\/#primaryimage"},"image":{"@id":"https:\/\/blueseal-aircurtains.com\/fr\/2023\/02\/15\/les-rideaux-dair-blueseal-reduisent-leur-empreinte-environnementale-en-adoptant-laluminium-a-faible-emission-de-co2\/#primaryimage"},"thumbnailUrl":"https:\/\/blueseal-aircurtains.com\/wp-content\/uploads\/2024\/07\/blueseal-news_low_carbon_aluminium_tag_water.jpeg","datePublished":"2023-02-15T00:00:39+00:00","dateModified":"2024-11-10T11:18:19+00:00","breadcrumb":{"@id":"https:\/\/blueseal-aircurtains.com\/fr\/2023\/02\/15\/les-rideaux-dair-blueseal-reduisent-leur-empreinte-environnementale-en-adoptant-laluminium-a-faible-emission-de-co2\/#breadcrumb"},"inLanguage":"fr-FR","potentialAction":[{"@type":"ReadAction","target":["https:\/\/blueseal-aircurtains.com\/fr\/2023\/02\/15\/les-rideaux-dair-blueseal-reduisent-leur-empreinte-environnementale-en-adoptant-laluminium-a-faible-emission-de-co2\/"]}]},{"@type":"ImageObject","inLanguage":"fr-FR","@id":"https:\/\/blueseal-aircurtains.com\/fr\/2023\/02\/15\/les-rideaux-dair-blueseal-reduisent-leur-empreinte-environnementale-en-adoptant-laluminium-a-faible-emission-de-co2\/#primaryimage","url":"https:\/\/blueseal-aircurtains.com\/wp-content\/uploads\/2024\/07\/blueseal-news_low_carbon_aluminium_tag_water.jpeg","contentUrl":"https:\/\/blueseal-aircurtains.com\/wp-content\/uploads\/2024\/07\/blueseal-news_low_carbon_aluminium_tag_water.jpeg","width":1036,"height":440},{"@type":"BreadcrumbList","@id":"https:\/\/blueseal-aircurtains.com\/fr\/2023\/02\/15\/les-rideaux-dair-blueseal-reduisent-leur-empreinte-environnementale-en-adoptant-laluminium-a-faible-emission-de-co2\/#breadcrumb","itemListElement":[{"@type":"ListItem","position":1,"name":"Home","item":"https:\/\/blueseal-aircurtains.com\/fr\/"},{"@type":"ListItem","position":2,"name":"Les rideaux d\u2019air BlueSeal r\u00e9duisent leur empreinte environnementale en adoptant l\u2019aluminium \u00e0 faible \u00e9mission de CO2."}]},{"@type":"WebSite","@id":"https:\/\/blueseal-aircurtains.com\/fr\/#website","url":"https:\/\/blueseal-aircurtains.com\/fr\/","name":"BlueSeal air curtains by Brightec BV","description":"Air curtains for temperature controlled transport","publisher":{"@id":"https:\/\/blueseal-aircurtains.com\/fr\/#organization"},"alternateName":"Brightec B.V.","potentialAction":[{"@type":"SearchAction","target":{"@type":"EntryPoint","urlTemplate":"https:\/\/blueseal-aircurtains.com\/fr\/?s={search_term_string}"},"query-input":{"@type":"PropertyValueSpecification","valueRequired":true,"valueName":"search_term_string"}}],"inLanguage":"fr-FR"},{"@type":"Organization","@id":"https:\/\/blueseal-aircurtains.com\/fr\/#organization","name":"BlueSeal air curtains by Brightec BV","alternateName":"Brightec B.V.","url":"https:\/\/blueseal-aircurtains.com\/fr\/","logo":{"@type":"ImageObject","inLanguage":"fr-FR","@id":"https:\/\/blueseal-aircurtains.com\/fr\/#\/schema\/logo\/image\/","url":"https:\/\/blueseal-aircurtains.com\/wp-content\/uploads\/2024\/07\/blueseal-logo-colored.svg","contentUrl":"https:\/\/blueseal-aircurtains.com\/wp-content\/uploads\/2024\/07\/blueseal-logo-colored.svg","width":240,"height":51,"caption":"BlueSeal air curtains by Brightec BV"},"image":{"@id":"https:\/\/blueseal-aircurtains.com\/fr\/#\/schema\/logo\/image\/"},"sameAs":["https:\/\/www.facebook.com\/brightecbv","https:\/\/x.com\/BrightecBv"]},{"@type":"Person","@id":"https:\/\/blueseal-aircurtains.com\/fr\/#\/schema\/person\/481bed41a6011e613bf2eb0f774101b4","name":"dev","image":{"@type":"ImageObject","inLanguage":"fr-FR","@id":"https:\/\/secure.gravatar.com\/avatar\/4a2b6c480bb3a58fe62c99051c3e1ca9c9c06de8a61eb97fa22ba242a4dc4dea?s=96&d=mm&r=g","url":"https:\/\/secure.gravatar.com\/avatar\/4a2b6c480bb3a58fe62c99051c3e1ca9c9c06de8a61eb97fa22ba242a4dc4dea?s=96&d=mm&r=g","contentUrl":"https:\/\/secure.gravatar.com\/avatar\/4a2b6c480bb3a58fe62c99051c3e1ca9c9c06de8a61eb97fa22ba242a4dc4dea?s=96&d=mm&r=g","caption":"dev"},"url":"https:\/\/blueseal-aircurtains.com\/fr\/author\/dev\/"}]}},"_links":{"self":[{"href":"https:\/\/blueseal-aircurtains.com\/fr\/wp-json\/wp\/v2\/posts\/1866","targetHints":{"allow":["GET"]}}],"collection":[{"href":"https:\/\/blueseal-aircurtains.com\/fr\/wp-json\/wp\/v2\/posts"}],"about":[{"href":"https:\/\/blueseal-aircurtains.com\/fr\/wp-json\/wp\/v2\/types\/post"}],"author":[{"embeddable":true,"href":"https:\/\/blueseal-aircurtains.com\/fr\/wp-json\/wp\/v2\/users\/2"}],"replies":[{"embeddable":true,"href":"https:\/\/blueseal-aircurtains.com\/fr\/wp-json\/wp\/v2\/comments?post=1866"}],"version-history":[{"count":2,"href":"https:\/\/blueseal-aircurtains.com\/fr\/wp-json\/wp\/v2\/posts\/1866\/revisions"}],"predecessor-version":[{"id":1868,"href":"https:\/\/blueseal-aircurtains.com\/fr\/wp-json\/wp\/v2\/posts\/1866\/revisions\/1868"}],"wp:featuredmedia":[{"embeddable":true,"href":"https:\/\/blueseal-aircurtains.com\/fr\/wp-json\/wp\/v2\/media\/691"}],"wp:attachment":[{"href":"https:\/\/blueseal-aircurtains.com\/fr\/wp-json\/wp\/v2\/media?parent=1866"}],"wp:term":[{"taxonomy":"category","embeddable":true,"href":"https:\/\/blueseal-aircurtains.com\/fr\/wp-json\/wp\/v2\/categories?post=1866"},{"taxonomy":"post_tag","embeddable":true,"href":"https:\/\/blueseal-aircurtains.com\/fr\/wp-json\/wp\/v2\/tags?post=1866"}],"curies":[{"name":"wp","href":"https:\/\/api.w.org\/{rel}","templated":true}]}}