{"id":1780,"date":"2020-03-19T18:57:39","date_gmt":"2020-03-19T18:57:39","guid":{"rendered":"https:\/\/blueseal-aircurtains.com\/2020\/03\/19\/creating-the-most-effective-climate-barrier-how-higher-air-speeds-are-counterproductive-for-air-curtains\/"},"modified":"2025-10-01T13:35:22","modified_gmt":"2025-10-01T13:35:22","slug":"creer-la-barriere-climatique-la-plus-efficace-comment-des-vitesses-dair-plus-elevees-sont-contre-productives-pour-les-rideaux-dair","status":"publish","type":"post","link":"https:\/\/blueseal-aircurtains.com\/fr\/2020\/03\/19\/creer-la-barriere-climatique-la-plus-efficace-comment-des-vitesses-dair-plus-elevees-sont-contre-productives-pour-les-rideaux-dair\/","title":{"rendered":"D\u00e9bit d\u2019air optimal des rideaux d\u2019air pour le transport frigorifique : pourquoi des vitesses trop \u00e9lev\u00e9es r\u00e9duisent la performance"},"content":{"rendered":"<div class=\"wpb-content-wrapper\"><p>[vc_row css_animation=\u00a0\u00bb\u00a0\u00bb row_type=\u00a0\u00bbrow\u00a0\u00bb use_row_as_full_screen_section=\u00a0\u00bbno\u00a0\u00bb type=\u00a0\u00bbfull_width\u00a0\u00bb angled_section=\u00a0\u00bbno\u00a0\u00bb text_align=\u00a0\u00bbleft\u00a0\u00bb background_image_as_pattern=\u00a0\u00bbwithout_pattern\u00a0\u00bb z_index=\u00a0\u00bb\u00a0\u00bb padding_bottom=\u00a0\u00bb30px\u00a0\u00bb][vc_column][vc_column_text css=\u00a0\u00bb\u00a0\u00bb]<em>Remarque : Cet article a \u00e9t\u00e9 traduit par un logiciel et peut contenir de l\u00e9g\u00e8res divergences. Pour consulter la version originale (en anglais) de cet article, veuillez modifier le param\u00e8tre de langue sur le site web.<\/em><\/p>\n<p>Cr\u00e9er la barri\u00e8re climatique la plus efficace pour le transport frigorifique n\u00e9cessite une compr\u00e9hension fine de la physique des flux d\u2019air. Le concept de d\u00e9bit d\u2019air optimal des rideaux d\u2019air pour le transport frigorifique est souvent mal interpr\u00e9t\u00e9 : beaucoup pensent qu\u2019augmenter simplement la vitesse de l\u2019air am\u00e9liore automatiquement la performance. En r\u00e9alit\u00e9, des vitesses trop \u00e9lev\u00e9es peuvent \u00eatre contre-productives, r\u00e9duisant l\u2019efficacit\u00e9 de la barri\u00e8re climatique et augmentant les pertes d\u2019\u00e9nergie.<\/p>\n<h2>La science derri\u00e8re le d\u00e9bit d\u2019air optimal des rideaux d\u2019air pour le transport frigorifique<\/h2>\n<p>Fond\u00e9e par des physiciens en 2006, Brightec a men\u00e9 des recherches approfondies pour cr\u00e9er un syst\u00e8me de flux d\u2019air fonctionnant \u00e0 efficacit\u00e9 maximale. Depuis le lancement de BlueSeal en 2010, de nombreux tests ind\u00e9pendants ont confirm\u00e9 les avantages de notre conception optimis\u00e9e.<\/p>\n<h2>Alors, pourquoi un flux d\u2019air plus fort ne cr\u00e9e-t-il pas une meilleure barri\u00e8re ?<\/h2>\n<p>Comment une vitesse d\u2019air excessive r\u00e9duit l\u2019efficacit\u00e9 de la barri\u00e8re climatique<\/p>\n<ol>\n<li style=\"font-weight: 400;\" aria-level=\"1\">Turbulences et convection forc\u00e9e &#8211; \u00c0 haute vitesse, le flux d\u2019air aspire davantage d\u2019air environnant, cr\u00e9ant des turbulences qui m\u00e9langent l\u2019air chaud ext\u00e9rieur et l\u2019air froid int\u00e9rieur. Cela acc\u00e9l\u00e8re le transfert de chaleur vers l\u2019espace cargo, provoquant une perte de temp\u00e9rature.<\/li>\n<li style=\"font-weight: 400;\" aria-level=\"1\">Impact au sol et division du flux &#8211; Lorsque le flux d\u2019air frappe le sol \u00e0 grande vitesse, il se divise en deux : vers l\u2019int\u00e9rieur et vers l\u2019ext\u00e9rieur du v\u00e9hicule. Cela permet \u00e0 l\u2019air chaud et humide de p\u00e9n\u00e9trer dans l\u2019espace cargo (voir Figure 1). Un d\u00e9bit d\u2019air optimal des rideaux d\u2019air pour le transport frigorifique doit trouver l\u2019\u00e9quilibre pour maintenir l\u2019air chaud \u00e0 l\u2019ext\u00e9rieur.<\/li>\n<\/ol>\n<h2>Trouver le d\u00e9bit d\u2019air optimal des rideaux d\u2019air pour le transport frigorifique<\/h2>\n<p>Les donn\u00e9es exp\u00e9rimentales issues des tests Brightec et des recherches de l\u2019Universit\u00e9 Brunel de Londres montrent clairement qu\u2019il existe une vitesse d\u2019air optimale. Au-del\u00e0, la performance chute sensiblement. La vitesse id\u00e9ale d\u00e9pend notamment de la diff\u00e9rence de temp\u00e9rature entre l\u2019espace cargo et l\u2019environnement ext\u00e9rieur.<\/p>\n<p>En se calibrant sur ce niveau optimal, BlueSeal garantit que son rideau d\u2019air pour transport frigorifique maintient efficacement la temp\u00e9rature, r\u00e9duit la charge sur le groupe frigorifique et pr\u00e9serve les marchandises plus longtemps.<\/p>\n<h2>Conclusion : l\u2019optimisation du flux d\u2019air est essentielle pour l\u2019efficacit\u00e9 \u00e9nerg\u00e9tique<\/h2>\n<p>Des vitesses d\u2019air trop \u00e9lev\u00e9es sont contre-productives pour le contr\u00f4le climatique des v\u00e9hicules frigorifiques. En utilisant le d\u00e9bit d\u2019air optimal des rideaux d\u2019air pour le transport frigorifique, les op\u00e9rateurs am\u00e9liorent la r\u00e9tention de temp\u00e9rature, r\u00e9duisent la consommation d\u2019\u00e9nergie et prot\u00e8gent la qualit\u00e9 des produits.<\/p>\n<p><strong>Pour des conseils personnalis\u00e9s sur les r\u00e9glages optimaux pour votre flotte, contactez Brightec.<\/strong>[\/vc_column_text][vc_empty_space][\/vc_column][\/vc_row][vc_row css_animation=\u00a0\u00bb\u00a0\u00bb row_type=\u00a0\u00bbrow\u00a0\u00bb use_row_as_full_screen_section=\u00a0\u00bbno\u00a0\u00bb type=\u00a0\u00bbfull_width\u00a0\u00bb angled_section=\u00a0\u00bbno\u00a0\u00bb text_align=\u00a0\u00bbleft\u00a0\u00bb background_image_as_pattern=\u00a0\u00bbwithout_pattern\u00a0\u00bb z_index=\u00a0\u00bb\u00a0\u00bb padding_bottom=\u00a0\u00bb30px\u00a0\u00bb padding_top=\u00a0\u00bb30px\u00a0\u00bb][vc_column][vc_single_image image=\u00a0\u00bb2405&Prime; img_size=\u00a0\u00bbfull\u00a0\u00bb css=\u00a0\u00bb\u00a0\u00bb qode_css_animation=\u00a0\u00bb\u00a0\u00bb][\/vc_column][\/vc_row][vc_row css_animation=\u00a0\u00bb\u00a0\u00bb row_type=\u00a0\u00bbrow\u00a0\u00bb use_row_as_full_screen_section=\u00a0\u00bbno\u00a0\u00bb type=\u00a0\u00bbfull_width\u00a0\u00bb angled_section=\u00a0\u00bbno\u00a0\u00bb text_align=\u00a0\u00bbleft\u00a0\u00bb background_image_as_pattern=\u00a0\u00bbwithout_pattern\u00a0\u00bb z_index=\u00a0\u00bb\u00a0\u00bb padding_bottom=\u00a0\u00bb30px\u00a0\u00bb padding_top=\u00a0\u00bb30px\u00a0\u00bb][vc_column][vc_single_image image=\u00a0\u00bb2410&Prime; img_size=\u00a0\u00bbfull\u00a0\u00bb css=\u00a0\u00bb\u00a0\u00bb qode_css_animation=\u00a0\u00bb\u00a0\u00bb][\/vc_column][\/vc_row]<\/p>\n<\/div>","protected":false},"excerpt":{"rendered":"<p>Le d\u00e9bit d\u2019air optimal des rideaux d\u2019air pour le transport frigorifique est essentiel pour maintenir la temp\u00e9rature et r\u00e9duire la consommation \u00e9nerg\u00e9tique. Les recherches de Brightec d\u00e9montrent qu\u2019une vitesse excessive cr\u00e9e des turbulences, tandis qu\u2019un flux optimis\u00e9 pr\u00e9serve les produits et diminue les co\u00fbts de carburant.<\/p>\n","protected":false},"author":3,"featured_media":2410,"comment_status":"closed","ping_status":"closed","sticky":false,"template":"","format":"standard","meta":{"inline_featured_image":false,"footnotes":""},"categories":[44],"tags":[],"class_list":["post-1780","post","type-post","status-publish","format-standard","has-post-thumbnail","hentry","category-insights-fr"],"acf":[],"yoast_head":"<!-- This site is optimized with the Yoast SEO plugin v27.4 - https:\/\/yoast.com\/product\/yoast-seo-wordpress\/ -->\n<title>D\u00e9bit d\u2019air optimal des rideaux d\u2019air pour le transport frigorifique - Performance et efficacit\u00e9 \u00e9nerg\u00e9tique<\/title>\n<meta name=\"description\" content=\"D\u00e9couvrez pourquoi un d\u00e9bit d\u2019air trop \u00e9lev\u00e9 r\u00e9duit l\u2019efficacit\u00e9 des rideaux d\u2019air. Apprenez \u00e0 d\u00e9finir le d\u00e9bit d\u2019air optimal des rideaux d\u2019air pour le transport frigorifique afin de pr\u00e9server vos marchandises et \u00e9conomiser de l\u2019\u00e9nergie.\" \/>\n<meta name=\"robots\" content=\"index, follow, max-snippet:-1, max-image-preview:large, max-video-preview:-1\" \/>\n<link rel=\"canonical\" href=\"https:\/\/blueseal-aircurtains.com\/fr\/2020\/03\/19\/creer-la-barriere-climatique-la-plus-efficace-comment-des-vitesses-dair-plus-elevees-sont-contre-productives-pour-les-rideaux-dair\/\" \/>\n<meta property=\"og:locale\" content=\"fr_FR\" \/>\n<meta property=\"og:type\" content=\"article\" \/>\n<meta property=\"og:title\" content=\"D\u00e9bit d\u2019air optimal des rideaux d\u2019air pour le transport frigorifique - Performance et efficacit\u00e9 \u00e9nerg\u00e9tique\" \/>\n<meta property=\"og:description\" content=\"D\u00e9couvrez pourquoi un d\u00e9bit d\u2019air trop \u00e9lev\u00e9 r\u00e9duit l\u2019efficacit\u00e9 des rideaux d\u2019air. Apprenez \u00e0 d\u00e9finir le d\u00e9bit d\u2019air optimal des rideaux d\u2019air pour le transport frigorifique afin de pr\u00e9server vos marchandises et \u00e9conomiser de l\u2019\u00e9nergie.\" \/>\n<meta property=\"og:url\" content=\"https:\/\/blueseal-aircurtains.com\/fr\/2020\/03\/19\/creer-la-barriere-climatique-la-plus-efficace-comment-des-vitesses-dair-plus-elevees-sont-contre-productives-pour-les-rideaux-dair\/\" \/>\n<meta property=\"og:site_name\" content=\"BlueSeal air curtains by Brightec BV\" \/>\n<meta property=\"article:publisher\" content=\"https:\/\/www.facebook.com\/brightecbv\" \/>\n<meta property=\"article:published_time\" content=\"2020-03-19T18:57:39+00:00\" \/>\n<meta property=\"article:modified_time\" content=\"2025-10-01T13:35:22+00:00\" \/>\n<meta property=\"og:image\" content=\"https:\/\/blueseal-aircurtains.com\/wp-content\/uploads\/2020\/03\/diagrams-04-scaled.jpg\" \/>\n\t<meta property=\"og:image:width\" content=\"2560\" \/>\n\t<meta property=\"og:image:height\" content=\"1440\" \/>\n\t<meta property=\"og:image:type\" content=\"image\/jpeg\" \/>\n<meta name=\"author\" content=\"Christiane Wolf\" \/>\n<meta name=\"twitter:card\" content=\"summary_large_image\" \/>\n<meta name=\"twitter:creator\" content=\"@BrightecBv\" \/>\n<meta name=\"twitter:site\" content=\"@BrightecBv\" \/>\n<meta name=\"twitter:label1\" content=\"\u00c9crit par\" \/>\n\t<meta name=\"twitter:data1\" content=\"Christiane Wolf\" \/>\n\t<meta name=\"twitter:label2\" content=\"Dur\u00e9e de lecture estim\u00e9e\" \/>\n\t<meta name=\"twitter:data2\" content=\"3 minutes\" \/>\n<script type=\"application\/ld+json\" class=\"yoast-schema-graph\">{\"@context\":\"https:\\\/\\\/schema.org\",\"@graph\":[{\"@type\":\"Article\",\"@id\":\"https:\\\/\\\/blueseal-aircurtains.com\\\/fr\\\/2020\\\/03\\\/19\\\/creer-la-barriere-climatique-la-plus-efficace-comment-des-vitesses-dair-plus-elevees-sont-contre-productives-pour-les-rideaux-dair\\\/#article\",\"isPartOf\":{\"@id\":\"https:\\\/\\\/blueseal-aircurtains.com\\\/fr\\\/2020\\\/03\\\/19\\\/creer-la-barriere-climatique-la-plus-efficace-comment-des-vitesses-dair-plus-elevees-sont-contre-productives-pour-les-rideaux-dair\\\/\"},\"author\":{\"name\":\"Christiane Wolf\",\"@id\":\"https:\\\/\\\/blueseal-aircurtains.com\\\/fr\\\/#\\\/schema\\\/person\\\/b27376fa0d9b473ffdf596e0da884b09\"},\"headline\":\"D\u00e9bit d\u2019air optimal des rideaux d\u2019air pour le transport frigorifique : pourquoi des vitesses trop \u00e9lev\u00e9es r\u00e9duisent la performance\",\"datePublished\":\"2020-03-19T18:57:39+00:00\",\"dateModified\":\"2025-10-01T13:35:22+00:00\",\"mainEntityOfPage\":{\"@id\":\"https:\\\/\\\/blueseal-aircurtains.com\\\/fr\\\/2020\\\/03\\\/19\\\/creer-la-barriere-climatique-la-plus-efficace-comment-des-vitesses-dair-plus-elevees-sont-contre-productives-pour-les-rideaux-dair\\\/\"},\"wordCount\":727,\"publisher\":{\"@id\":\"https:\\\/\\\/blueseal-aircurtains.com\\\/fr\\\/#organization\"},\"image\":{\"@id\":\"https:\\\/\\\/blueseal-aircurtains.com\\\/fr\\\/2020\\\/03\\\/19\\\/creer-la-barriere-climatique-la-plus-efficace-comment-des-vitesses-dair-plus-elevees-sont-contre-productives-pour-les-rideaux-dair\\\/#primaryimage\"},\"thumbnailUrl\":\"https:\\\/\\\/blueseal-aircurtains.com\\\/wp-content\\\/uploads\\\/2020\\\/03\\\/diagrams-04-scaled.jpg\",\"articleSection\":[\"reflexion\"],\"inLanguage\":\"fr-FR\"},{\"@type\":\"WebPage\",\"@id\":\"https:\\\/\\\/blueseal-aircurtains.com\\\/fr\\\/2020\\\/03\\\/19\\\/creer-la-barriere-climatique-la-plus-efficace-comment-des-vitesses-dair-plus-elevees-sont-contre-productives-pour-les-rideaux-dair\\\/\",\"url\":\"https:\\\/\\\/blueseal-aircurtains.com\\\/fr\\\/2020\\\/03\\\/19\\\/creer-la-barriere-climatique-la-plus-efficace-comment-des-vitesses-dair-plus-elevees-sont-contre-productives-pour-les-rideaux-dair\\\/\",\"name\":\"D\u00e9bit d\u2019air optimal des rideaux d\u2019air pour le transport frigorifique - Performance et efficacit\u00e9 \u00e9nerg\u00e9tique\",\"isPartOf\":{\"@id\":\"https:\\\/\\\/blueseal-aircurtains.com\\\/fr\\\/#website\"},\"primaryImageOfPage\":{\"@id\":\"https:\\\/\\\/blueseal-aircurtains.com\\\/fr\\\/2020\\\/03\\\/19\\\/creer-la-barriere-climatique-la-plus-efficace-comment-des-vitesses-dair-plus-elevees-sont-contre-productives-pour-les-rideaux-dair\\\/#primaryimage\"},\"image\":{\"@id\":\"https:\\\/\\\/blueseal-aircurtains.com\\\/fr\\\/2020\\\/03\\\/19\\\/creer-la-barriere-climatique-la-plus-efficace-comment-des-vitesses-dair-plus-elevees-sont-contre-productives-pour-les-rideaux-dair\\\/#primaryimage\"},\"thumbnailUrl\":\"https:\\\/\\\/blueseal-aircurtains.com\\\/wp-content\\\/uploads\\\/2020\\\/03\\\/diagrams-04-scaled.jpg\",\"datePublished\":\"2020-03-19T18:57:39+00:00\",\"dateModified\":\"2025-10-01T13:35:22+00:00\",\"description\":\"D\u00e9couvrez pourquoi un d\u00e9bit d\u2019air trop \u00e9lev\u00e9 r\u00e9duit l\u2019efficacit\u00e9 des rideaux d\u2019air. Apprenez \u00e0 d\u00e9finir le d\u00e9bit d\u2019air optimal des rideaux d\u2019air pour le transport frigorifique afin de pr\u00e9server vos marchandises et \u00e9conomiser de l\u2019\u00e9nergie.\",\"breadcrumb\":{\"@id\":\"https:\\\/\\\/blueseal-aircurtains.com\\\/fr\\\/2020\\\/03\\\/19\\\/creer-la-barriere-climatique-la-plus-efficace-comment-des-vitesses-dair-plus-elevees-sont-contre-productives-pour-les-rideaux-dair\\\/#breadcrumb\"},\"inLanguage\":\"fr-FR\",\"potentialAction\":[{\"@type\":\"ReadAction\",\"target\":[\"https:\\\/\\\/blueseal-aircurtains.com\\\/fr\\\/2020\\\/03\\\/19\\\/creer-la-barriere-climatique-la-plus-efficace-comment-des-vitesses-dair-plus-elevees-sont-contre-productives-pour-les-rideaux-dair\\\/\"]}]},{\"@type\":\"ImageObject\",\"inLanguage\":\"fr-FR\",\"@id\":\"https:\\\/\\\/blueseal-aircurtains.com\\\/fr\\\/2020\\\/03\\\/19\\\/creer-la-barriere-climatique-la-plus-efficace-comment-des-vitesses-dair-plus-elevees-sont-contre-productives-pour-les-rideaux-dair\\\/#primaryimage\",\"url\":\"https:\\\/\\\/blueseal-aircurtains.com\\\/wp-content\\\/uploads\\\/2020\\\/03\\\/diagrams-04-scaled.jpg\",\"contentUrl\":\"https:\\\/\\\/blueseal-aircurtains.com\\\/wp-content\\\/uploads\\\/2020\\\/03\\\/diagrams-04-scaled.jpg\",\"width\":2560,\"height\":1440},{\"@type\":\"BreadcrumbList\",\"@id\":\"https:\\\/\\\/blueseal-aircurtains.com\\\/fr\\\/2020\\\/03\\\/19\\\/creer-la-barriere-climatique-la-plus-efficace-comment-des-vitesses-dair-plus-elevees-sont-contre-productives-pour-les-rideaux-dair\\\/#breadcrumb\",\"itemListElement\":[{\"@type\":\"ListItem\",\"position\":1,\"name\":\"Home\",\"item\":\"https:\\\/\\\/blueseal-aircurtains.com\\\/fr\\\/\"},{\"@type\":\"ListItem\",\"position\":2,\"name\":\"D\u00e9bit d\u2019air optimal des rideaux d\u2019air pour le transport frigorifique : pourquoi des vitesses trop \u00e9lev\u00e9es r\u00e9duisent la performance\"}]},{\"@type\":\"WebSite\",\"@id\":\"https:\\\/\\\/blueseal-aircurtains.com\\\/fr\\\/#website\",\"url\":\"https:\\\/\\\/blueseal-aircurtains.com\\\/fr\\\/\",\"name\":\"BlueSeal air curtains by Brightec BV\",\"description\":\"Air curtains for temperature controlled transport\",\"publisher\":{\"@id\":\"https:\\\/\\\/blueseal-aircurtains.com\\\/fr\\\/#organization\"},\"alternateName\":\"Brightec B.V.\",\"potentialAction\":[{\"@type\":\"SearchAction\",\"target\":{\"@type\":\"EntryPoint\",\"urlTemplate\":\"https:\\\/\\\/blueseal-aircurtains.com\\\/fr\\\/?s={search_term_string}\"},\"query-input\":{\"@type\":\"PropertyValueSpecification\",\"valueRequired\":true,\"valueName\":\"search_term_string\"}}],\"inLanguage\":\"fr-FR\"},{\"@type\":\"Organization\",\"@id\":\"https:\\\/\\\/blueseal-aircurtains.com\\\/fr\\\/#organization\",\"name\":\"BlueSeal air curtains by Brightec BV\",\"alternateName\":\"Brightec B.V.\",\"url\":\"https:\\\/\\\/blueseal-aircurtains.com\\\/fr\\\/\",\"logo\":{\"@type\":\"ImageObject\",\"inLanguage\":\"fr-FR\",\"@id\":\"https:\\\/\\\/blueseal-aircurtains.com\\\/fr\\\/#\\\/schema\\\/logo\\\/image\\\/\",\"url\":\"https:\\\/\\\/blueseal-aircurtains.com\\\/wp-content\\\/uploads\\\/2024\\\/07\\\/blueseal-logo-colored.svg\",\"contentUrl\":\"https:\\\/\\\/blueseal-aircurtains.com\\\/wp-content\\\/uploads\\\/2024\\\/07\\\/blueseal-logo-colored.svg\",\"width\":240,\"height\":51,\"caption\":\"BlueSeal air curtains by Brightec BV\"},\"image\":{\"@id\":\"https:\\\/\\\/blueseal-aircurtains.com\\\/fr\\\/#\\\/schema\\\/logo\\\/image\\\/\"},\"sameAs\":[\"https:\\\/\\\/www.facebook.com\\\/brightecbv\",\"https:\\\/\\\/x.com\\\/BrightecBv\"]},{\"@type\":\"Person\",\"@id\":\"https:\\\/\\\/blueseal-aircurtains.com\\\/fr\\\/#\\\/schema\\\/person\\\/b27376fa0d9b473ffdf596e0da884b09\",\"name\":\"Christiane Wolf\",\"image\":{\"@type\":\"ImageObject\",\"inLanguage\":\"fr-FR\",\"@id\":\"https:\\\/\\\/secure.gravatar.com\\\/avatar\\\/757f3ebba9e046748f2bdf17e999d7c796c1be5e02fc6a0e33818216cdd7bef2?s=96&d=mm&r=g\",\"url\":\"https:\\\/\\\/secure.gravatar.com\\\/avatar\\\/757f3ebba9e046748f2bdf17e999d7c796c1be5e02fc6a0e33818216cdd7bef2?s=96&d=mm&r=g\",\"contentUrl\":\"https:\\\/\\\/secure.gravatar.com\\\/avatar\\\/757f3ebba9e046748f2bdf17e999d7c796c1be5e02fc6a0e33818216cdd7bef2?s=96&d=mm&r=g\",\"caption\":\"Christiane Wolf\"},\"url\":\"https:\\\/\\\/blueseal-aircurtains.com\\\/fr\\\/author\\\/christiane\\\/\"}]}<\/script>\n<!-- \/ Yoast SEO plugin. -->","yoast_head_json":{"title":"D\u00e9bit d\u2019air optimal des rideaux d\u2019air pour le transport frigorifique - Performance et efficacit\u00e9 \u00e9nerg\u00e9tique","description":"D\u00e9couvrez pourquoi un d\u00e9bit d\u2019air trop \u00e9lev\u00e9 r\u00e9duit l\u2019efficacit\u00e9 des rideaux d\u2019air. Apprenez \u00e0 d\u00e9finir le d\u00e9bit d\u2019air optimal des rideaux d\u2019air pour le transport frigorifique afin de pr\u00e9server vos marchandises et \u00e9conomiser de l\u2019\u00e9nergie.","robots":{"index":"index","follow":"follow","max-snippet":"max-snippet:-1","max-image-preview":"max-image-preview:large","max-video-preview":"max-video-preview:-1"},"canonical":"https:\/\/blueseal-aircurtains.com\/fr\/2020\/03\/19\/creer-la-barriere-climatique-la-plus-efficace-comment-des-vitesses-dair-plus-elevees-sont-contre-productives-pour-les-rideaux-dair\/","og_locale":"fr_FR","og_type":"article","og_title":"D\u00e9bit d\u2019air optimal des rideaux d\u2019air pour le transport frigorifique - Performance et efficacit\u00e9 \u00e9nerg\u00e9tique","og_description":"D\u00e9couvrez pourquoi un d\u00e9bit d\u2019air trop \u00e9lev\u00e9 r\u00e9duit l\u2019efficacit\u00e9 des rideaux d\u2019air. Apprenez \u00e0 d\u00e9finir le d\u00e9bit d\u2019air optimal des rideaux d\u2019air pour le transport frigorifique afin de pr\u00e9server vos marchandises et \u00e9conomiser de l\u2019\u00e9nergie.","og_url":"https:\/\/blueseal-aircurtains.com\/fr\/2020\/03\/19\/creer-la-barriere-climatique-la-plus-efficace-comment-des-vitesses-dair-plus-elevees-sont-contre-productives-pour-les-rideaux-dair\/","og_site_name":"BlueSeal air curtains by Brightec BV","article_publisher":"https:\/\/www.facebook.com\/brightecbv","article_published_time":"2020-03-19T18:57:39+00:00","article_modified_time":"2025-10-01T13:35:22+00:00","og_image":[{"width":2560,"height":1440,"url":"https:\/\/blueseal-aircurtains.com\/wp-content\/uploads\/2020\/03\/diagrams-04-scaled.jpg","type":"image\/jpeg"}],"author":"Christiane Wolf","twitter_card":"summary_large_image","twitter_creator":"@BrightecBv","twitter_site":"@BrightecBv","twitter_misc":{"\u00c9crit par":"Christiane Wolf","Dur\u00e9e de lecture estim\u00e9e":"3 minutes"},"schema":{"@context":"https:\/\/schema.org","@graph":[{"@type":"Article","@id":"https:\/\/blueseal-aircurtains.com\/fr\/2020\/03\/19\/creer-la-barriere-climatique-la-plus-efficace-comment-des-vitesses-dair-plus-elevees-sont-contre-productives-pour-les-rideaux-dair\/#article","isPartOf":{"@id":"https:\/\/blueseal-aircurtains.com\/fr\/2020\/03\/19\/creer-la-barriere-climatique-la-plus-efficace-comment-des-vitesses-dair-plus-elevees-sont-contre-productives-pour-les-rideaux-dair\/"},"author":{"name":"Christiane Wolf","@id":"https:\/\/blueseal-aircurtains.com\/fr\/#\/schema\/person\/b27376fa0d9b473ffdf596e0da884b09"},"headline":"D\u00e9bit d\u2019air optimal des rideaux d\u2019air pour le transport frigorifique : pourquoi des vitesses trop \u00e9lev\u00e9es r\u00e9duisent la performance","datePublished":"2020-03-19T18:57:39+00:00","dateModified":"2025-10-01T13:35:22+00:00","mainEntityOfPage":{"@id":"https:\/\/blueseal-aircurtains.com\/fr\/2020\/03\/19\/creer-la-barriere-climatique-la-plus-efficace-comment-des-vitesses-dair-plus-elevees-sont-contre-productives-pour-les-rideaux-dair\/"},"wordCount":727,"publisher":{"@id":"https:\/\/blueseal-aircurtains.com\/fr\/#organization"},"image":{"@id":"https:\/\/blueseal-aircurtains.com\/fr\/2020\/03\/19\/creer-la-barriere-climatique-la-plus-efficace-comment-des-vitesses-dair-plus-elevees-sont-contre-productives-pour-les-rideaux-dair\/#primaryimage"},"thumbnailUrl":"https:\/\/blueseal-aircurtains.com\/wp-content\/uploads\/2020\/03\/diagrams-04-scaled.jpg","articleSection":["reflexion"],"inLanguage":"fr-FR"},{"@type":"WebPage","@id":"https:\/\/blueseal-aircurtains.com\/fr\/2020\/03\/19\/creer-la-barriere-climatique-la-plus-efficace-comment-des-vitesses-dair-plus-elevees-sont-contre-productives-pour-les-rideaux-dair\/","url":"https:\/\/blueseal-aircurtains.com\/fr\/2020\/03\/19\/creer-la-barriere-climatique-la-plus-efficace-comment-des-vitesses-dair-plus-elevees-sont-contre-productives-pour-les-rideaux-dair\/","name":"D\u00e9bit d\u2019air optimal des rideaux d\u2019air pour le transport frigorifique - Performance et efficacit\u00e9 \u00e9nerg\u00e9tique","isPartOf":{"@id":"https:\/\/blueseal-aircurtains.com\/fr\/#website"},"primaryImageOfPage":{"@id":"https:\/\/blueseal-aircurtains.com\/fr\/2020\/03\/19\/creer-la-barriere-climatique-la-plus-efficace-comment-des-vitesses-dair-plus-elevees-sont-contre-productives-pour-les-rideaux-dair\/#primaryimage"},"image":{"@id":"https:\/\/blueseal-aircurtains.com\/fr\/2020\/03\/19\/creer-la-barriere-climatique-la-plus-efficace-comment-des-vitesses-dair-plus-elevees-sont-contre-productives-pour-les-rideaux-dair\/#primaryimage"},"thumbnailUrl":"https:\/\/blueseal-aircurtains.com\/wp-content\/uploads\/2020\/03\/diagrams-04-scaled.jpg","datePublished":"2020-03-19T18:57:39+00:00","dateModified":"2025-10-01T13:35:22+00:00","description":"D\u00e9couvrez pourquoi un d\u00e9bit d\u2019air trop \u00e9lev\u00e9 r\u00e9duit l\u2019efficacit\u00e9 des rideaux d\u2019air. Apprenez \u00e0 d\u00e9finir le d\u00e9bit d\u2019air optimal des rideaux d\u2019air pour le transport frigorifique afin de pr\u00e9server vos marchandises et \u00e9conomiser de l\u2019\u00e9nergie.","breadcrumb":{"@id":"https:\/\/blueseal-aircurtains.com\/fr\/2020\/03\/19\/creer-la-barriere-climatique-la-plus-efficace-comment-des-vitesses-dair-plus-elevees-sont-contre-productives-pour-les-rideaux-dair\/#breadcrumb"},"inLanguage":"fr-FR","potentialAction":[{"@type":"ReadAction","target":["https:\/\/blueseal-aircurtains.com\/fr\/2020\/03\/19\/creer-la-barriere-climatique-la-plus-efficace-comment-des-vitesses-dair-plus-elevees-sont-contre-productives-pour-les-rideaux-dair\/"]}]},{"@type":"ImageObject","inLanguage":"fr-FR","@id":"https:\/\/blueseal-aircurtains.com\/fr\/2020\/03\/19\/creer-la-barriere-climatique-la-plus-efficace-comment-des-vitesses-dair-plus-elevees-sont-contre-productives-pour-les-rideaux-dair\/#primaryimage","url":"https:\/\/blueseal-aircurtains.com\/wp-content\/uploads\/2020\/03\/diagrams-04-scaled.jpg","contentUrl":"https:\/\/blueseal-aircurtains.com\/wp-content\/uploads\/2020\/03\/diagrams-04-scaled.jpg","width":2560,"height":1440},{"@type":"BreadcrumbList","@id":"https:\/\/blueseal-aircurtains.com\/fr\/2020\/03\/19\/creer-la-barriere-climatique-la-plus-efficace-comment-des-vitesses-dair-plus-elevees-sont-contre-productives-pour-les-rideaux-dair\/#breadcrumb","itemListElement":[{"@type":"ListItem","position":1,"name":"Home","item":"https:\/\/blueseal-aircurtains.com\/fr\/"},{"@type":"ListItem","position":2,"name":"D\u00e9bit d\u2019air optimal des rideaux d\u2019air pour le transport frigorifique : pourquoi des vitesses trop \u00e9lev\u00e9es r\u00e9duisent la performance"}]},{"@type":"WebSite","@id":"https:\/\/blueseal-aircurtains.com\/fr\/#website","url":"https:\/\/blueseal-aircurtains.com\/fr\/","name":"BlueSeal air curtains by Brightec BV","description":"Air curtains for temperature controlled transport","publisher":{"@id":"https:\/\/blueseal-aircurtains.com\/fr\/#organization"},"alternateName":"Brightec B.V.","potentialAction":[{"@type":"SearchAction","target":{"@type":"EntryPoint","urlTemplate":"https:\/\/blueseal-aircurtains.com\/fr\/?s={search_term_string}"},"query-input":{"@type":"PropertyValueSpecification","valueRequired":true,"valueName":"search_term_string"}}],"inLanguage":"fr-FR"},{"@type":"Organization","@id":"https:\/\/blueseal-aircurtains.com\/fr\/#organization","name":"BlueSeal air curtains by Brightec BV","alternateName":"Brightec B.V.","url":"https:\/\/blueseal-aircurtains.com\/fr\/","logo":{"@type":"ImageObject","inLanguage":"fr-FR","@id":"https:\/\/blueseal-aircurtains.com\/fr\/#\/schema\/logo\/image\/","url":"https:\/\/blueseal-aircurtains.com\/wp-content\/uploads\/2024\/07\/blueseal-logo-colored.svg","contentUrl":"https:\/\/blueseal-aircurtains.com\/wp-content\/uploads\/2024\/07\/blueseal-logo-colored.svg","width":240,"height":51,"caption":"BlueSeal air curtains by Brightec BV"},"image":{"@id":"https:\/\/blueseal-aircurtains.com\/fr\/#\/schema\/logo\/image\/"},"sameAs":["https:\/\/www.facebook.com\/brightecbv","https:\/\/x.com\/BrightecBv"]},{"@type":"Person","@id":"https:\/\/blueseal-aircurtains.com\/fr\/#\/schema\/person\/b27376fa0d9b473ffdf596e0da884b09","name":"Christiane Wolf","image":{"@type":"ImageObject","inLanguage":"fr-FR","@id":"https:\/\/secure.gravatar.com\/avatar\/757f3ebba9e046748f2bdf17e999d7c796c1be5e02fc6a0e33818216cdd7bef2?s=96&d=mm&r=g","url":"https:\/\/secure.gravatar.com\/avatar\/757f3ebba9e046748f2bdf17e999d7c796c1be5e02fc6a0e33818216cdd7bef2?s=96&d=mm&r=g","contentUrl":"https:\/\/secure.gravatar.com\/avatar\/757f3ebba9e046748f2bdf17e999d7c796c1be5e02fc6a0e33818216cdd7bef2?s=96&d=mm&r=g","caption":"Christiane Wolf"},"url":"https:\/\/blueseal-aircurtains.com\/fr\/author\/christiane\/"}]}},"_links":{"self":[{"href":"https:\/\/blueseal-aircurtains.com\/fr\/wp-json\/wp\/v2\/posts\/1780","targetHints":{"allow":["GET"]}}],"collection":[{"href":"https:\/\/blueseal-aircurtains.com\/fr\/wp-json\/wp\/v2\/posts"}],"about":[{"href":"https:\/\/blueseal-aircurtains.com\/fr\/wp-json\/wp\/v2\/types\/post"}],"author":[{"embeddable":true,"href":"https:\/\/blueseal-aircurtains.com\/fr\/wp-json\/wp\/v2\/users\/3"}],"replies":[{"embeddable":true,"href":"https:\/\/blueseal-aircurtains.com\/fr\/wp-json\/wp\/v2\/comments?post=1780"}],"version-history":[{"count":6,"href":"https:\/\/blueseal-aircurtains.com\/fr\/wp-json\/wp\/v2\/posts\/1780\/revisions"}],"predecessor-version":[{"id":4169,"href":"https:\/\/blueseal-aircurtains.com\/fr\/wp-json\/wp\/v2\/posts\/1780\/revisions\/4169"}],"wp:featuredmedia":[{"embeddable":true,"href":"https:\/\/blueseal-aircurtains.com\/fr\/wp-json\/wp\/v2\/media\/2410"}],"wp:attachment":[{"href":"https:\/\/blueseal-aircurtains.com\/fr\/wp-json\/wp\/v2\/media?parent=1780"}],"wp:term":[{"taxonomy":"category","embeddable":true,"href":"https:\/\/blueseal-aircurtains.com\/fr\/wp-json\/wp\/v2\/categories?post=1780"},{"taxonomy":"post_tag","embeddable":true,"href":"https:\/\/blueseal-aircurtains.com\/fr\/wp-json\/wp\/v2\/tags?post=1780"}],"curies":[{"name":"wp","href":"https:\/\/api.w.org\/{rel}","templated":true}]}}