{"id":1660,"date":"2021-06-10T16:53:02","date_gmt":"2021-06-10T16:53:02","guid":{"rendered":"https:\/\/blueseal-aircurtains.com\/2021\/06\/10\/managing-infiltration-loads\/"},"modified":"2025-10-01T12:57:44","modified_gmt":"2025-10-01T12:57:44","slug":"gestion-des-charges-dinfiltration","status":"publish","type":"post","link":"https:\/\/blueseal-aircurtains.com\/fr\/2021\/06\/10\/gestion-des-charges-dinfiltration\/","title":{"rendered":"BlueSeal &#8211; Rideaux d\u2019air pour r\u00e9duire les \u00e9missions des groupes frigorifiques : r\u00e9duire les charges d\u2019infiltration pour limiter la consommation et la pollution"},"content":{"rendered":"<div class=\"wpb-content-wrapper\"><p>[vc_row css_animation=\u00a0\u00bb\u00a0\u00bb row_type=\u00a0\u00bbrow\u00a0\u00bb use_row_as_full_screen_section=\u00a0\u00bbno\u00a0\u00bb type=\u00a0\u00bbfull_width\u00a0\u00bb angled_section=\u00a0\u00bbno\u00a0\u00bb text_align=\u00a0\u00bbleft\u00a0\u00bb background_image_as_pattern=\u00a0\u00bbwithout_pattern\u00a0\u00bb][vc_column][vc_column_text css=\u00a0\u00bb\u00a0\u00bb]<em>Remarque : Cet article a \u00e9t\u00e9 traduit par un logiciel et peut contenir de l\u00e9g\u00e8res divergences. Pour consulter la version originale (en anglais) de cet article, veuillez modifier le param\u00e8tre de langue sur le site web.<\/em><\/p>\n<p><span style=\"font-weight: 400;\">Une \u00e9tude publi\u00e9e par CENEX UK, un organisme \u00e0 but non lucratif sp\u00e9cialis\u00e9 dans la recherche et le conseil sur les v\u00e9hicules \u00e0 faibles \u00e9missions, a mis en lumi\u00e8re l\u2019empreinte environnementale et la consommation d\u2019\u00e9nergie des groupes frigorifiques de transport (TRU). Leur livre blanc d\u2019avril 2021 souligne une source majeure d\u2019inefficacit\u00e9 : la charge d\u2019infiltration &#8211; l\u2019\u00e9nergie thermique perdue \u00e0 chaque ouverture des portes du groupe frigorifique.<\/span><\/p>\n<p><strong>avril 2021, <a href=\"https:\/\/www.cenex.co.uk\/app\/uploads\/2021\/04\/Refrigerated-Transport-White-Paper.pdf\">https:\/\/www.cenex.co.uk\/app\/uploads\/2021\/04\/Refrigerated-Transport-White-Paper.pdf<\/a><\/strong>[\/vc_column_text][\/vc_column][\/vc_row][vc_row css_animation=\u00a0\u00bb\u00a0\u00bb row_type=\u00a0\u00bbrow\u00a0\u00bb use_row_as_full_screen_section=\u00a0\u00bbno\u00a0\u00bb type=\u00a0\u00bbfull_width\u00a0\u00bb angled_section=\u00a0\u00bbno\u00a0\u00bb text_align=\u00a0\u00bbleft\u00a0\u00bb background_image_as_pattern=\u00a0\u00bbwithout_pattern\u00a0\u00bb z_index=\u00a0\u00bb\u00a0\u00bb padding_top=\u00a0\u00bb30px\u00a0\u00bb padding_bottom=\u00a0\u00bb30px\u00a0\u00bb][vc_column][vc_empty_space][vc_single_image image=\u00a0\u00bb1303&Prime; img_size=\u00a0\u00bbfull\u00a0\u00bb css=\u00a0\u00bb\u00a0\u00bb qode_css_animation=\u00a0\u00bb\u00a0\u00bb][vc_empty_space][\/vc_column][\/vc_row][vc_row css_animation=\u00a0\u00bb\u00a0\u00bb row_type=\u00a0\u00bbrow\u00a0\u00bb use_row_as_full_screen_section=\u00a0\u00bbno\u00a0\u00bb type=\u00a0\u00bbfull_width\u00a0\u00bb angled_section=\u00a0\u00bbno\u00a0\u00bb text_align=\u00a0\u00bbleft\u00a0\u00bb background_image_as_pattern=\u00a0\u00bbwithout_pattern\u00a0\u00bb][vc_column][vc_column_text css=\u00a0\u00bb\u00a0\u00bb]<\/p>\n<h2>Comprendre la charge d\u2019infiltration dans les groupes frigorifiques<\/h2>\n<p><span style=\"font-weight: 400;\">CENEX d\u00e9finit la charge d\u2019infiltration comme le gain de chaleur qui se produit lorsque les portes d\u2019une remorque ou d\u2019un camion frigorifique sont ouvertes. Cette perte thermique se produit de trois mani\u00e8res :<\/span><\/p>\n<ol>\n<li style=\"font-weight: 400;\" aria-level=\"1\"><span style=\"font-weight: 400;\">\u00c9change d\u2019air &#8211; l\u2019air froid est remplac\u00e9 par l\u2019air ambiant<\/span><\/li>\n<li style=\"font-weight: 400;\" aria-level=\"1\"><span style=\"font-weight: 400;\">R\u00e9chauffement des produits &#8211; les marchandises perdent leur \u00e9nergie froide au profit d\u2019un air int\u00e9rieur plus chaud<\/span><\/li>\n<li style=\"font-weight: 400;\" aria-level=\"1\"><span style=\"font-weight: 400;\">R\u00e9chauffement des structures &#8211; les parois, planchers, plafonds et portes absorbent la chaleur de l\u2019air ambiant<\/span><\/li>\n<\/ol>\n<p><span style=\"font-weight: 400;\">Le graphique publi\u00e9 par CENEX montre que la charge d\u2019infiltration repr\u00e9sente environ 70 % de la charge thermique totale &#8211; soit plus de trois fois la charge de transmission (transfert de chaleur \u00e0 travers les parois isol\u00e9es lorsque les portes sont ferm\u00e9es).<\/span><\/p>\n<h2>Pourquoi r\u00e9duire la charge d\u2019infiltration diminue les \u00e9missions<\/h2>\n<p><span style=\"font-weight: 400;\">Une charge d\u2019infiltration \u00e9lev\u00e9e oblige le groupe frigorifique \u00e0 travailler beaucoup plus pour r\u00e9tablir la temp\u00e9rature programm\u00e9e. Cela augmente la consommation de carburant des moteurs diesel auxiliaires ou r\u00e9duit l\u2019autonomie des groupes frigorifiques \u00e9lectriques.<\/span><\/p>\n<p><span style=\"font-weight: 400;\">Les donn\u00e9es de CENEX confirment que, lors des tourn\u00e9es de livraison, les ouvertures de portes peuvent multiplier par 3 \u00e0 5,5 la consommation d\u2019\u00e9nergie frigorifique par rapport au transport \u00e0 portes ferm\u00e9es.<\/span><\/p>\n<p><span style=\"font-weight: 400;\">R\u00e9duire la charge d\u2019infiltration permet donc de diminuer directement la consommation de carburant, les co\u00fbts d\u2019exploitation et les \u00e9missions &#8211; un levier essentiel pour r\u00e9duire les \u00e9missions des groupes frigorifiques.<\/span><\/p>\n<h2>Comment fonctionnent les rideaux d\u2019air BlueSeal pour r\u00e9duire les \u00e9missions des groupes frigorifiques<\/h2>\n<p><span style=\"font-weight: 400;\">Depuis plus de dix ans, BlueSeal con\u00e7oit des rideaux d\u2019air pour r\u00e9duire les \u00e9missions des groupes frigorifiques, cr\u00e9ant une barri\u00e8re invisible mais efficace au niveau des portes arri\u00e8re et lat\u00e9rales. Ces rideaux d\u2019air r\u00e9duisent consid\u00e9rablement l\u2019entr\u00e9e d\u2019air chaud, sans g\u00eaner les chauffeurs dans leurs op\u00e9rations quotidiennes.<\/span><\/p>\n<p><span style=\"font-weight: 400;\">Contrairement aux lani\u00e8res PVC, BlueSeal offre une solution hygi\u00e9nique, ergonomique et \u00e0 faible maintenance. Des tests ind\u00e9pendants montrent que BlueSeal peut r\u00e9duire la charge d\u2019infiltration de 30 \u00e0 45 %, abaissant ainsi la charge thermique totale et r\u00e9duisant \u00e0 la fois les \u00e9missions de CO\u2082 et la consommation de carburant.<\/span><\/p>\n<h2>L\u2019ampleur r\u00e9elle des charges d\u2019infiltration<\/h2>\n<p><span style=\"font-weight: 400;\">Le sc\u00e9nario de CENEX avec seulement quatre ouvertures de porte par jour est probablement tr\u00e8s conservateur. En distribution urbaine, les portes peuvent \u00eatre ouvertes beaucoup plus souvent et plus longtemps &#8211; ce qui signifie que les charges d\u2019infiltration r\u00e9elles pourraient d\u00e9passer les estimations.<\/span><\/p>\n<p><span style=\"font-weight: 400;\">Ce d\u00e9fi est encore plus important pour le transport de produits surgel\u00e9s, o\u00f9 l\u2019\u00e9cart de temp\u00e9rature est plus \u00e9lev\u00e9 et l\u2019int\u00e9grit\u00e9 des produits plus sensible aux variations thermiques. Dans ces cas, les rideaux d\u2019air pour r\u00e9duire les \u00e9missions des groupes frigorifiques sont encore plus indispensables.<\/span><\/p>\n<h2>Les moteurs auxiliaires : un probl\u00e8me cach\u00e9 d\u2019\u00e9missions<\/h2>\n<p><span style=\"font-weight: 400;\">De nombreux camions frigorifiques et semi-remorques utilisent un moteur diesel auxiliaire pour alimenter le groupe frigorifique. Ces moteurs \u00e9mettent :<\/span><\/p>\n<ul>\n<li style=\"font-weight: 400;\" aria-level=\"1\"><span style=\"font-weight: 400;\">16\u00d7 plus d\u2019oxydes d\u2019azote (NOx) que le moteur principal du camion<\/span><\/li>\n<li style=\"font-weight: 400;\" aria-level=\"1\"><span style=\"font-weight: 400;\">40\u00d7 plus de particules fines<\/span><\/li>\n<\/ul>\n<p><span style=\"font-weight: 400;\">Parce que ces moteurs doivent compenser des charges d\u2019infiltration \u00e9lev\u00e9es, ils fonctionnent plus longtemps et produisent plus de pollution. En r\u00e9duisant la charge d\u2019infiltration, les rideaux d\u2019air pour r\u00e9duire les \u00e9missions des groupes frigorifiques diminuent directement le temps de fonctionnement et la charge de ces moteurs, avec des b\u00e9n\u00e9fices environnementaux et \u00e9conomiques imm\u00e9diats.<\/span><\/p>\n<p><span style=\"font-weight: 400;\">En r\u00e9sum\u00e9 : La recherche de CENEX confirme que la charge d\u2019infiltration est la principale composante de la demande thermique d\u2019un groupe frigorifique. Les rideaux d\u2019air pour r\u00e9duire les \u00e9missions des groupes frigorifiques de BlueSeal permettent aux op\u00e9rateurs de s\u2019attaquer \u00e0 ce probl\u00e8me \u00e0 la source, en r\u00e9duisant la consommation de carburant, les \u00e9missions et en prot\u00e9geant les marchandises sensibles \u00e0 la temp\u00e9rature.<\/span>[\/vc_column_text][\/vc_column][\/vc_row]<\/p>\n<\/div>","protected":false},"excerpt":{"rendered":"<p>Les rideaux d\u2019air pour r\u00e9duire les \u00e9missions des groupes frigorifiques BlueSeal r\u00e9duisent la principale source de perte thermique dans le transport frigorifique. En cr\u00e9ant une barri\u00e8re d\u2019air pr\u00e9cise, ils diminuent jusqu\u2019\u00e0 45 % la charge d\u2019infiltration, r\u00e9duisent la consommation de carburant, prolongent la dur\u00e9e de vie des groupes frigorifiques et baissent fortement les \u00e9missions des moteurs auxiliaires diesel.<\/p>\n","protected":false},"author":3,"featured_media":1305,"comment_status":"closed","ping_status":"closed","sticky":false,"template":"","format":"standard","meta":{"inline_featured_image":false,"footnotes":""},"categories":[44],"tags":[],"class_list":["post-1660","post","type-post","status-publish","format-standard","has-post-thumbnail","hentry","category-insights-fr"],"acf":[],"yoast_head":"<!-- This site is optimized with the Yoast SEO plugin v27.4 - https:\/\/yoast.com\/product\/yoast-seo-wordpress\/ -->\n<title>Rideaux d\u2019air pour r\u00e9duire les \u00e9missions des groupes frigorifiques | BlueSeal<\/title>\n<meta name=\"description\" content=\"Les rideaux d\u2019air BlueSeal pour r\u00e9duire les \u00e9missions des groupes frigorifiques diminuent la charge d\u2019infiltration et r\u00e9duisent la consommation et la pollution.\" \/>\n<meta name=\"robots\" content=\"index, follow, max-snippet:-1, max-image-preview:large, max-video-preview:-1\" \/>\n<link rel=\"canonical\" href=\"https:\/\/blueseal-aircurtains.com\/fr\/2021\/06\/10\/gestion-des-charges-dinfiltration\/\" \/>\n<meta property=\"og:locale\" content=\"fr_FR\" \/>\n<meta property=\"og:type\" content=\"article\" \/>\n<meta property=\"og:title\" content=\"Rideaux d\u2019air pour r\u00e9duire les \u00e9missions des groupes frigorifiques | BlueSeal\" \/>\n<meta property=\"og:description\" content=\"Les rideaux d\u2019air BlueSeal pour r\u00e9duire les \u00e9missions des groupes frigorifiques diminuent la charge d\u2019infiltration et r\u00e9duisent la consommation et la pollution.\" \/>\n<meta property=\"og:url\" content=\"https:\/\/blueseal-aircurtains.com\/fr\/2021\/06\/10\/gestion-des-charges-dinfiltration\/\" \/>\n<meta property=\"og:site_name\" content=\"BlueSeal air curtains by Brightec BV\" \/>\n<meta property=\"article:publisher\" content=\"https:\/\/www.facebook.com\/brightecbv\" \/>\n<meta property=\"article:published_time\" content=\"2021-06-10T16:53:02+00:00\" \/>\n<meta property=\"article:modified_time\" content=\"2025-10-01T12:57:44+00:00\" \/>\n<meta property=\"og:image\" content=\"https:\/\/blueseal-aircurtains.com\/wp-content\/uploads\/2024\/11\/cenex-thermal-refrigeration-load-980x472-1.png\" \/>\n\t<meta property=\"og:image:width\" content=\"980\" \/>\n\t<meta property=\"og:image:height\" content=\"472\" \/>\n\t<meta property=\"og:image:type\" content=\"image\/png\" \/>\n<meta name=\"author\" content=\"Christiane Wolf\" \/>\n<meta name=\"twitter:card\" content=\"summary_large_image\" \/>\n<meta name=\"twitter:creator\" content=\"@BrightecBv\" \/>\n<meta name=\"twitter:site\" content=\"@BrightecBv\" \/>\n<meta name=\"twitter:label1\" content=\"\u00c9crit par\" \/>\n\t<meta name=\"twitter:data1\" content=\"Christiane Wolf\" \/>\n\t<meta name=\"twitter:label2\" content=\"Dur\u00e9e de lecture estim\u00e9e\" \/>\n\t<meta name=\"twitter:data2\" content=\"4 minutes\" \/>\n<script type=\"application\/ld+json\" class=\"yoast-schema-graph\">{\"@context\":\"https:\\\/\\\/schema.org\",\"@graph\":[{\"@type\":\"Article\",\"@id\":\"https:\\\/\\\/blueseal-aircurtains.com\\\/fr\\\/2021\\\/06\\\/10\\\/gestion-des-charges-dinfiltration\\\/#article\",\"isPartOf\":{\"@id\":\"https:\\\/\\\/blueseal-aircurtains.com\\\/fr\\\/2021\\\/06\\\/10\\\/gestion-des-charges-dinfiltration\\\/\"},\"author\":{\"name\":\"Christiane Wolf\",\"@id\":\"https:\\\/\\\/blueseal-aircurtains.com\\\/fr\\\/#\\\/schema\\\/person\\\/b27376fa0d9b473ffdf596e0da884b09\"},\"headline\":\"BlueSeal &#8211; Rideaux d\u2019air pour r\u00e9duire les \u00e9missions des groupes frigorifiques : r\u00e9duire les charges d\u2019infiltration pour limiter la consommation et la pollution\",\"datePublished\":\"2021-06-10T16:53:02+00:00\",\"dateModified\":\"2025-10-01T12:57:44+00:00\",\"mainEntityOfPage\":{\"@id\":\"https:\\\/\\\/blueseal-aircurtains.com\\\/fr\\\/2021\\\/06\\\/10\\\/gestion-des-charges-dinfiltration\\\/\"},\"wordCount\":958,\"publisher\":{\"@id\":\"https:\\\/\\\/blueseal-aircurtains.com\\\/fr\\\/#organization\"},\"image\":{\"@id\":\"https:\\\/\\\/blueseal-aircurtains.com\\\/fr\\\/2021\\\/06\\\/10\\\/gestion-des-charges-dinfiltration\\\/#primaryimage\"},\"thumbnailUrl\":\"https:\\\/\\\/blueseal-aircurtains.com\\\/wp-content\\\/uploads\\\/2024\\\/11\\\/cenex-thermal-refrigeration-load-980x472-1.png\",\"articleSection\":[\"reflexion\"],\"inLanguage\":\"fr-FR\"},{\"@type\":\"WebPage\",\"@id\":\"https:\\\/\\\/blueseal-aircurtains.com\\\/fr\\\/2021\\\/06\\\/10\\\/gestion-des-charges-dinfiltration\\\/\",\"url\":\"https:\\\/\\\/blueseal-aircurtains.com\\\/fr\\\/2021\\\/06\\\/10\\\/gestion-des-charges-dinfiltration\\\/\",\"name\":\"Rideaux d\u2019air pour r\u00e9duire les \u00e9missions des groupes frigorifiques | BlueSeal\",\"isPartOf\":{\"@id\":\"https:\\\/\\\/blueseal-aircurtains.com\\\/fr\\\/#website\"},\"primaryImageOfPage\":{\"@id\":\"https:\\\/\\\/blueseal-aircurtains.com\\\/fr\\\/2021\\\/06\\\/10\\\/gestion-des-charges-dinfiltration\\\/#primaryimage\"},\"image\":{\"@id\":\"https:\\\/\\\/blueseal-aircurtains.com\\\/fr\\\/2021\\\/06\\\/10\\\/gestion-des-charges-dinfiltration\\\/#primaryimage\"},\"thumbnailUrl\":\"https:\\\/\\\/blueseal-aircurtains.com\\\/wp-content\\\/uploads\\\/2024\\\/11\\\/cenex-thermal-refrigeration-load-980x472-1.png\",\"datePublished\":\"2021-06-10T16:53:02+00:00\",\"dateModified\":\"2025-10-01T12:57:44+00:00\",\"description\":\"Les rideaux d\u2019air BlueSeal pour r\u00e9duire les \u00e9missions des groupes frigorifiques diminuent la charge d\u2019infiltration et r\u00e9duisent la consommation et la pollution.\",\"breadcrumb\":{\"@id\":\"https:\\\/\\\/blueseal-aircurtains.com\\\/fr\\\/2021\\\/06\\\/10\\\/gestion-des-charges-dinfiltration\\\/#breadcrumb\"},\"inLanguage\":\"fr-FR\",\"potentialAction\":[{\"@type\":\"ReadAction\",\"target\":[\"https:\\\/\\\/blueseal-aircurtains.com\\\/fr\\\/2021\\\/06\\\/10\\\/gestion-des-charges-dinfiltration\\\/\"]}]},{\"@type\":\"ImageObject\",\"inLanguage\":\"fr-FR\",\"@id\":\"https:\\\/\\\/blueseal-aircurtains.com\\\/fr\\\/2021\\\/06\\\/10\\\/gestion-des-charges-dinfiltration\\\/#primaryimage\",\"url\":\"https:\\\/\\\/blueseal-aircurtains.com\\\/wp-content\\\/uploads\\\/2024\\\/11\\\/cenex-thermal-refrigeration-load-980x472-1.png\",\"contentUrl\":\"https:\\\/\\\/blueseal-aircurtains.com\\\/wp-content\\\/uploads\\\/2024\\\/11\\\/cenex-thermal-refrigeration-load-980x472-1.png\",\"width\":980,\"height\":472,\"caption\":\"cenex thermal refrigeration load\"},{\"@type\":\"BreadcrumbList\",\"@id\":\"https:\\\/\\\/blueseal-aircurtains.com\\\/fr\\\/2021\\\/06\\\/10\\\/gestion-des-charges-dinfiltration\\\/#breadcrumb\",\"itemListElement\":[{\"@type\":\"ListItem\",\"position\":1,\"name\":\"Home\",\"item\":\"https:\\\/\\\/blueseal-aircurtains.com\\\/fr\\\/\"},{\"@type\":\"ListItem\",\"position\":2,\"name\":\"BlueSeal &#8211; Rideaux d\u2019air pour r\u00e9duire les \u00e9missions des groupes frigorifiques : r\u00e9duire les charges d\u2019infiltration pour limiter la consommation et la pollution\"}]},{\"@type\":\"WebSite\",\"@id\":\"https:\\\/\\\/blueseal-aircurtains.com\\\/fr\\\/#website\",\"url\":\"https:\\\/\\\/blueseal-aircurtains.com\\\/fr\\\/\",\"name\":\"BlueSeal air curtains by Brightec BV\",\"description\":\"Air curtains for temperature controlled transport\",\"publisher\":{\"@id\":\"https:\\\/\\\/blueseal-aircurtains.com\\\/fr\\\/#organization\"},\"alternateName\":\"Brightec B.V.\",\"potentialAction\":[{\"@type\":\"SearchAction\",\"target\":{\"@type\":\"EntryPoint\",\"urlTemplate\":\"https:\\\/\\\/blueseal-aircurtains.com\\\/fr\\\/?s={search_term_string}\"},\"query-input\":{\"@type\":\"PropertyValueSpecification\",\"valueRequired\":true,\"valueName\":\"search_term_string\"}}],\"inLanguage\":\"fr-FR\"},{\"@type\":\"Organization\",\"@id\":\"https:\\\/\\\/blueseal-aircurtains.com\\\/fr\\\/#organization\",\"name\":\"BlueSeal air curtains by Brightec BV\",\"alternateName\":\"Brightec B.V.\",\"url\":\"https:\\\/\\\/blueseal-aircurtains.com\\\/fr\\\/\",\"logo\":{\"@type\":\"ImageObject\",\"inLanguage\":\"fr-FR\",\"@id\":\"https:\\\/\\\/blueseal-aircurtains.com\\\/fr\\\/#\\\/schema\\\/logo\\\/image\\\/\",\"url\":\"https:\\\/\\\/blueseal-aircurtains.com\\\/wp-content\\\/uploads\\\/2024\\\/07\\\/blueseal-logo-colored.svg\",\"contentUrl\":\"https:\\\/\\\/blueseal-aircurtains.com\\\/wp-content\\\/uploads\\\/2024\\\/07\\\/blueseal-logo-colored.svg\",\"width\":240,\"height\":51,\"caption\":\"BlueSeal air curtains by Brightec BV\"},\"image\":{\"@id\":\"https:\\\/\\\/blueseal-aircurtains.com\\\/fr\\\/#\\\/schema\\\/logo\\\/image\\\/\"},\"sameAs\":[\"https:\\\/\\\/www.facebook.com\\\/brightecbv\",\"https:\\\/\\\/x.com\\\/BrightecBv\"]},{\"@type\":\"Person\",\"@id\":\"https:\\\/\\\/blueseal-aircurtains.com\\\/fr\\\/#\\\/schema\\\/person\\\/b27376fa0d9b473ffdf596e0da884b09\",\"name\":\"Christiane Wolf\",\"image\":{\"@type\":\"ImageObject\",\"inLanguage\":\"fr-FR\",\"@id\":\"https:\\\/\\\/secure.gravatar.com\\\/avatar\\\/757f3ebba9e046748f2bdf17e999d7c796c1be5e02fc6a0e33818216cdd7bef2?s=96&d=mm&r=g\",\"url\":\"https:\\\/\\\/secure.gravatar.com\\\/avatar\\\/757f3ebba9e046748f2bdf17e999d7c796c1be5e02fc6a0e33818216cdd7bef2?s=96&d=mm&r=g\",\"contentUrl\":\"https:\\\/\\\/secure.gravatar.com\\\/avatar\\\/757f3ebba9e046748f2bdf17e999d7c796c1be5e02fc6a0e33818216cdd7bef2?s=96&d=mm&r=g\",\"caption\":\"Christiane Wolf\"},\"url\":\"https:\\\/\\\/blueseal-aircurtains.com\\\/fr\\\/author\\\/christiane\\\/\"}]}<\/script>\n<!-- \/ Yoast SEO plugin. -->","yoast_head_json":{"title":"Rideaux d\u2019air pour r\u00e9duire les \u00e9missions des groupes frigorifiques | BlueSeal","description":"Les rideaux d\u2019air BlueSeal pour r\u00e9duire les \u00e9missions des groupes frigorifiques diminuent la charge d\u2019infiltration et r\u00e9duisent la consommation et la pollution.","robots":{"index":"index","follow":"follow","max-snippet":"max-snippet:-1","max-image-preview":"max-image-preview:large","max-video-preview":"max-video-preview:-1"},"canonical":"https:\/\/blueseal-aircurtains.com\/fr\/2021\/06\/10\/gestion-des-charges-dinfiltration\/","og_locale":"fr_FR","og_type":"article","og_title":"Rideaux d\u2019air pour r\u00e9duire les \u00e9missions des groupes frigorifiques | BlueSeal","og_description":"Les rideaux d\u2019air BlueSeal pour r\u00e9duire les \u00e9missions des groupes frigorifiques diminuent la charge d\u2019infiltration et r\u00e9duisent la consommation et la pollution.","og_url":"https:\/\/blueseal-aircurtains.com\/fr\/2021\/06\/10\/gestion-des-charges-dinfiltration\/","og_site_name":"BlueSeal air curtains by Brightec BV","article_publisher":"https:\/\/www.facebook.com\/brightecbv","article_published_time":"2021-06-10T16:53:02+00:00","article_modified_time":"2025-10-01T12:57:44+00:00","og_image":[{"width":980,"height":472,"url":"https:\/\/blueseal-aircurtains.com\/wp-content\/uploads\/2024\/11\/cenex-thermal-refrigeration-load-980x472-1.png","type":"image\/png"}],"author":"Christiane Wolf","twitter_card":"summary_large_image","twitter_creator":"@BrightecBv","twitter_site":"@BrightecBv","twitter_misc":{"\u00c9crit par":"Christiane Wolf","Dur\u00e9e de lecture estim\u00e9e":"4 minutes"},"schema":{"@context":"https:\/\/schema.org","@graph":[{"@type":"Article","@id":"https:\/\/blueseal-aircurtains.com\/fr\/2021\/06\/10\/gestion-des-charges-dinfiltration\/#article","isPartOf":{"@id":"https:\/\/blueseal-aircurtains.com\/fr\/2021\/06\/10\/gestion-des-charges-dinfiltration\/"},"author":{"name":"Christiane Wolf","@id":"https:\/\/blueseal-aircurtains.com\/fr\/#\/schema\/person\/b27376fa0d9b473ffdf596e0da884b09"},"headline":"BlueSeal &#8211; Rideaux d\u2019air pour r\u00e9duire les \u00e9missions des groupes frigorifiques : r\u00e9duire les charges d\u2019infiltration pour limiter la consommation et la pollution","datePublished":"2021-06-10T16:53:02+00:00","dateModified":"2025-10-01T12:57:44+00:00","mainEntityOfPage":{"@id":"https:\/\/blueseal-aircurtains.com\/fr\/2021\/06\/10\/gestion-des-charges-dinfiltration\/"},"wordCount":958,"publisher":{"@id":"https:\/\/blueseal-aircurtains.com\/fr\/#organization"},"image":{"@id":"https:\/\/blueseal-aircurtains.com\/fr\/2021\/06\/10\/gestion-des-charges-dinfiltration\/#primaryimage"},"thumbnailUrl":"https:\/\/blueseal-aircurtains.com\/wp-content\/uploads\/2024\/11\/cenex-thermal-refrigeration-load-980x472-1.png","articleSection":["reflexion"],"inLanguage":"fr-FR"},{"@type":"WebPage","@id":"https:\/\/blueseal-aircurtains.com\/fr\/2021\/06\/10\/gestion-des-charges-dinfiltration\/","url":"https:\/\/blueseal-aircurtains.com\/fr\/2021\/06\/10\/gestion-des-charges-dinfiltration\/","name":"Rideaux d\u2019air pour r\u00e9duire les \u00e9missions des groupes frigorifiques | BlueSeal","isPartOf":{"@id":"https:\/\/blueseal-aircurtains.com\/fr\/#website"},"primaryImageOfPage":{"@id":"https:\/\/blueseal-aircurtains.com\/fr\/2021\/06\/10\/gestion-des-charges-dinfiltration\/#primaryimage"},"image":{"@id":"https:\/\/blueseal-aircurtains.com\/fr\/2021\/06\/10\/gestion-des-charges-dinfiltration\/#primaryimage"},"thumbnailUrl":"https:\/\/blueseal-aircurtains.com\/wp-content\/uploads\/2024\/11\/cenex-thermal-refrigeration-load-980x472-1.png","datePublished":"2021-06-10T16:53:02+00:00","dateModified":"2025-10-01T12:57:44+00:00","description":"Les rideaux d\u2019air BlueSeal pour r\u00e9duire les \u00e9missions des groupes frigorifiques diminuent la charge d\u2019infiltration et r\u00e9duisent la consommation et la pollution.","breadcrumb":{"@id":"https:\/\/blueseal-aircurtains.com\/fr\/2021\/06\/10\/gestion-des-charges-dinfiltration\/#breadcrumb"},"inLanguage":"fr-FR","potentialAction":[{"@type":"ReadAction","target":["https:\/\/blueseal-aircurtains.com\/fr\/2021\/06\/10\/gestion-des-charges-dinfiltration\/"]}]},{"@type":"ImageObject","inLanguage":"fr-FR","@id":"https:\/\/blueseal-aircurtains.com\/fr\/2021\/06\/10\/gestion-des-charges-dinfiltration\/#primaryimage","url":"https:\/\/blueseal-aircurtains.com\/wp-content\/uploads\/2024\/11\/cenex-thermal-refrigeration-load-980x472-1.png","contentUrl":"https:\/\/blueseal-aircurtains.com\/wp-content\/uploads\/2024\/11\/cenex-thermal-refrigeration-load-980x472-1.png","width":980,"height":472,"caption":"cenex thermal refrigeration load"},{"@type":"BreadcrumbList","@id":"https:\/\/blueseal-aircurtains.com\/fr\/2021\/06\/10\/gestion-des-charges-dinfiltration\/#breadcrumb","itemListElement":[{"@type":"ListItem","position":1,"name":"Home","item":"https:\/\/blueseal-aircurtains.com\/fr\/"},{"@type":"ListItem","position":2,"name":"BlueSeal &#8211; Rideaux d\u2019air pour r\u00e9duire les \u00e9missions des groupes frigorifiques : r\u00e9duire les charges d\u2019infiltration pour limiter la consommation et la pollution"}]},{"@type":"WebSite","@id":"https:\/\/blueseal-aircurtains.com\/fr\/#website","url":"https:\/\/blueseal-aircurtains.com\/fr\/","name":"BlueSeal air curtains by Brightec BV","description":"Air curtains for temperature controlled transport","publisher":{"@id":"https:\/\/blueseal-aircurtains.com\/fr\/#organization"},"alternateName":"Brightec B.V.","potentialAction":[{"@type":"SearchAction","target":{"@type":"EntryPoint","urlTemplate":"https:\/\/blueseal-aircurtains.com\/fr\/?s={search_term_string}"},"query-input":{"@type":"PropertyValueSpecification","valueRequired":true,"valueName":"search_term_string"}}],"inLanguage":"fr-FR"},{"@type":"Organization","@id":"https:\/\/blueseal-aircurtains.com\/fr\/#organization","name":"BlueSeal air curtains by Brightec BV","alternateName":"Brightec B.V.","url":"https:\/\/blueseal-aircurtains.com\/fr\/","logo":{"@type":"ImageObject","inLanguage":"fr-FR","@id":"https:\/\/blueseal-aircurtains.com\/fr\/#\/schema\/logo\/image\/","url":"https:\/\/blueseal-aircurtains.com\/wp-content\/uploads\/2024\/07\/blueseal-logo-colored.svg","contentUrl":"https:\/\/blueseal-aircurtains.com\/wp-content\/uploads\/2024\/07\/blueseal-logo-colored.svg","width":240,"height":51,"caption":"BlueSeal air curtains by Brightec BV"},"image":{"@id":"https:\/\/blueseal-aircurtains.com\/fr\/#\/schema\/logo\/image\/"},"sameAs":["https:\/\/www.facebook.com\/brightecbv","https:\/\/x.com\/BrightecBv"]},{"@type":"Person","@id":"https:\/\/blueseal-aircurtains.com\/fr\/#\/schema\/person\/b27376fa0d9b473ffdf596e0da884b09","name":"Christiane Wolf","image":{"@type":"ImageObject","inLanguage":"fr-FR","@id":"https:\/\/secure.gravatar.com\/avatar\/757f3ebba9e046748f2bdf17e999d7c796c1be5e02fc6a0e33818216cdd7bef2?s=96&d=mm&r=g","url":"https:\/\/secure.gravatar.com\/avatar\/757f3ebba9e046748f2bdf17e999d7c796c1be5e02fc6a0e33818216cdd7bef2?s=96&d=mm&r=g","contentUrl":"https:\/\/secure.gravatar.com\/avatar\/757f3ebba9e046748f2bdf17e999d7c796c1be5e02fc6a0e33818216cdd7bef2?s=96&d=mm&r=g","caption":"Christiane Wolf"},"url":"https:\/\/blueseal-aircurtains.com\/fr\/author\/christiane\/"}]}},"_links":{"self":[{"href":"https:\/\/blueseal-aircurtains.com\/fr\/wp-json\/wp\/v2\/posts\/1660","targetHints":{"allow":["GET"]}}],"collection":[{"href":"https:\/\/blueseal-aircurtains.com\/fr\/wp-json\/wp\/v2\/posts"}],"about":[{"href":"https:\/\/blueseal-aircurtains.com\/fr\/wp-json\/wp\/v2\/types\/post"}],"author":[{"embeddable":true,"href":"https:\/\/blueseal-aircurtains.com\/fr\/wp-json\/wp\/v2\/users\/3"}],"replies":[{"embeddable":true,"href":"https:\/\/blueseal-aircurtains.com\/fr\/wp-json\/wp\/v2\/comments?post=1660"}],"version-history":[{"count":8,"href":"https:\/\/blueseal-aircurtains.com\/fr\/wp-json\/wp\/v2\/posts\/1660\/revisions"}],"predecessor-version":[{"id":4130,"href":"https:\/\/blueseal-aircurtains.com\/fr\/wp-json\/wp\/v2\/posts\/1660\/revisions\/4130"}],"wp:featuredmedia":[{"embeddable":true,"href":"https:\/\/blueseal-aircurtains.com\/fr\/wp-json\/wp\/v2\/media\/1305"}],"wp:attachment":[{"href":"https:\/\/blueseal-aircurtains.com\/fr\/wp-json\/wp\/v2\/media?parent=1660"}],"wp:term":[{"taxonomy":"category","embeddable":true,"href":"https:\/\/blueseal-aircurtains.com\/fr\/wp-json\/wp\/v2\/categories?post=1660"},{"taxonomy":"post_tag","embeddable":true,"href":"https:\/\/blueseal-aircurtains.com\/fr\/wp-json\/wp\/v2\/tags?post=1660"}],"curies":[{"name":"wp","href":"https:\/\/api.w.org\/{rel}","templated":true}]}}