{"id":2580,"date":"2020-01-28T17:59:47","date_gmt":"2020-01-28T17:59:47","guid":{"rendered":"https:\/\/blueseal-aircurtains.com\/2020\/01\/28\/the-origin-of-blueseal-air-curtains-for-transport\/"},"modified":"2025-10-01T14:10:52","modified_gmt":"2025-10-01T14:10:52","slug":"the-origin-of-blueseal-air-curtains-for-transport","status":"publish","type":"post","link":"https:\/\/blueseal-aircurtains.com\/de\/2020\/01\/28\/the-origin-of-blueseal-air-curtains-for-transport\/","title":{"rendered":"Die Geschichte der Luftschleier f\u00fcr den energieeffizienten K\u00fchltransport: Die Entstehung von BlueSeal\u00ae"},"content":{"rendered":"<div class=\"wpb-content-wrapper\"><p>[vc_row css_animation=&#8220;&#8220; row_type=&#8220;row&#8220; use_row_as_full_screen_section=&#8220;no&#8220; type=&#8220;full_width&#8220; angled_section=&#8220;no&#8220; text_align=&#8220;left&#8220; background_image_as_pattern=&#8220;without_pattern&#8220; z_index=&#8220;&#8220; padding_bottom=&#8220;30px&#8220;][vc_column][vc_column_text css=&#8220;&#8220;]<em>Hinweis: Dieser Artikel wurde maschinell \u00fcbersetzt und kann geringf\u00fcgige Abweichungen enthalten. F\u00fcr die urspr\u00fcngliche (englische) Version dieses Artikels \u00e4ndern Sie bitte die Spracheinstellung auf der Website.<\/em><\/p>\n<h2>Ein Blick in die Geschichte von Luftschleiern f\u00fcr den energieeffizienten K\u00fchltransport<\/h2>\n<p><span style=\"font-weight: 400;\">Die Geschichte <\/span><span style=\"font-weight: 400;\">der<\/span><span style=\"font-weight: 400;\"> Luftschleier f\u00fcr den energieeffizienten K\u00fchltransport zeigt, wie innovative L\u00f6sungen f\u00fcr die K\u00fchlkette den Kraftstoffverbrauch senken und gleichzeitig die Produktintegrit\u00e4t sch\u00fctzen k\u00f6nnen.<\/span><\/p>\n<p><span style=\"font-weight: 400;\">In diesem Artikel <\/span><span style=\"font-weight: 400;\">erl\u00e4utern<\/span><span style=\"font-weight: 400;\"> wir die Entwicklung der BlueSeal\u00ae-Luftschleier &#8211; von einem Forschungsprojekt bei Econcern bis hin zu einer weltweit f\u00fchrenden Methode der Klimakontrolle in K\u00fchlfahrzeugen.<\/span><\/p>\n<p><span style=\"font-weight: 400;\">Die Abbildungen 1a, 1b, 2 und 3 in dieser Studie verdeutlichen, wie <\/span><span style=\"font-weight: 400;\">ein pr\u00e4zise konzipierter Luftstrom<\/span><span style=\"font-weight: 400;\"> den K\u00e4lteverlust bei T\u00fcr\u00f6ffnungen drastisch reduzieren kann.<\/span>[\/vc_column_text][vc_empty_space][vc_single_image image=&#8220;2962&#8243; img_size=&#8220;full&#8220; css=&#8220;&#8220; qode_css_animation=&#8220;&#8220;][vc_single_image image=&#8220;2967&#8243; img_size=&#8220;full&#8220; css=&#8220;&#8220; qode_css_animation=&#8220;&#8220;][vc_column_text css=&#8220;&#8220;]<strong>Figures 1a and 1b : Temperature of the inside air measured over 6 hours with 6 x 15 min door openings without any barrier (figure 1a) and with the air curtain (1b) above the rear doors. Ambient temperature indicates 28-29\u00b0C. <\/strong>[\/vc_column_text][vc_single_image image=&#8220;2972&#8243; img_size=&#8220;full&#8220; css=&#8220;&#8220; qode_css_animation=&#8220;&#8220;][vc_column_text css=&#8220;&#8220;]<strong>Figure 2 : Temperature course inside two 1 litre cartons of water during 4 hrs with 3 x 15 min of door opening without and with air curtain. Cooling machine operates at averages of 4.6kW and 3.8kW respectively. Cartons are located on the same pallet approx. 8 metres from the rear doors: sensor 2 shows carton temperature nearest ceiling, sensor 1 shows carton temperature nearest the floor. <\/strong>[\/vc_column_text][vc_single_image image=&#8220;2977&#8243; img_size=&#8220;full&#8220; css=&#8220;&#8220; qode_css_animation=&#8220;&#8220;][vc_column_text css=&#8220;&#8220;]<strong>Figure 3 : Temperature course inside two 1 litre cartons of water during 6 hrs with 5 x 15 min of door opening without and with air curtain. Cooling machine operates at an average of 4.6kW and 3.8kW respectively. Two cartons are located near headboard on the same pallet approx. 13 metres from the rear doors: sensor 4 shows carton temperature nearest ceiling, sensor 3 shows carton temperature nearest the floor. <\/strong>[\/vc_column_text][\/vc_column][\/vc_row][vc_row css_animation=&#8220;&#8220; row_type=&#8220;row&#8220; use_row_as_full_screen_section=&#8220;no&#8220; type=&#8220;full_width&#8220; angled_section=&#8220;no&#8220; text_align=&#8220;left&#8220; background_image_as_pattern=&#8220;without_pattern&#8220; z_index=&#8220;&#8220; padding_top=&#8220;30px&#8220;][vc_column][vc_empty_space][vc_column_text css=&#8220;&#8220;]<\/p>\n<h2>Zusammenfassung &#8211; Ein Wendepunkt in der Geschichte der Luftschleier f\u00fcr energieeffiziente K\u00fchlfahrzeuge<\/h2>\n<p><span style=\"font-weight: 400;\">Im Jahr 2005 entwickelte Econcern, ein auf erneuerbare Energien spezialisiertes Unternehmen, das Konzept eines energieeffizienten K\u00fchlfahrzeugs mit eutektischer K\u00fchlung. Im Gegensatz zu herk\u00f6mmlichen, dieselbetriebenen K\u00fchlaggregaten ben\u00f6tigt diese Technologie keinen Kraftstoff. <\/span><span style=\"font-weight: 400;\">Das macht<\/span><span style=\"font-weight: 400;\"> sie zu einer emissionsfreien L\u00f6sung f\u00fcr den Transport gek\u00fchlter Waren..<\/span><\/p>\n<p><span style=\"font-weight: 400;\">Allerdings ist die K\u00fchlleistung pro Kilogramm eutektischer Masse geringer als bei dieselbetriebenen Systemen. Das stellte eine Herausforderung dar und war besonders kritisch beim Transport von Lebensmitteln und Arzneimitteln, wo eine strenge Temperaturkontrolle f\u00fcr die Produktintegrit\u00e4t unerl\u00e4sslich ist.<\/span><\/p>\n<p><span style=\"font-weight: 400;\">Das Internationale Institut f\u00fcr K\u00e4ltetechnik weist darauf hin, dass 9 der 10 meistverkauften Medikamente weltweit strikte Temperaturkontrollen erfordern. PVC-Streifenvorh\u00e4nge waren damals die Standardl\u00f6sung, erwiesen sich in der Praxis jedoch oft als unzureichend: Fahrer schoben sie beiseite, sie verschlissen schnell und wurden selten rechtzeitig ersetzt oder gereinigt.<\/span><\/p>\n<h2>Von der Idee zur L\u00f6sung &#8211; Die Entwicklung des ersten Luftschleiers f\u00fcr den K\u00fchltransport<\/h2>\n<p><span style=\"font-weight: 400;\">Die Ingenieure bei Econcern erkannten, dass eine Klimabarriere, <\/span><span style=\"font-weight: 400;\">die ohne Ber\u00fchrung funktioniert,<\/span><span style=\"font-weight: 400;\"> diese Einschr\u00e4nkungen \u00fcberwinden k\u00f6nnte. Ihre Antwort: <\/span><span style=\"font-weight: 400;\">D<\/span><span style=\"font-weight: 400;\">ie Entwicklung eines Luftschleiers, der kalte Luft im Laderaum h\u00e4lt und warme Luft drau\u00dfen, ohne den Fahrer beim Be- und Entladen zu behindern.<\/span><\/p>\n<p><span style=\"font-weight: 400;\">Nach umfangreichen Praxistests entstand der erste Prototyp dessen, was sp\u00e4ter BlueSeal\u00ae werden sollte. Die Testziele:<\/span><\/p>\n<ol>\n<li style=\"font-weight: 400;\" aria-level=\"1\"><span style=\"font-weight: 400;\">Die erforderliche Innenraum-Temperatur f\u00fcr Luft und Produkt auch bei h\u00e4ufigen T\u00fcr\u00f6ffnungen halten.<\/span><\/li>\n<li style=\"font-weight: 400;\" aria-level=\"1\"><span style=\"font-weight: 400;\">Den Energiebedarf so weit senken, dass eutektische K\u00fchlung wirtschaftlich attraktiv bleibt.<\/span><\/li>\n<\/ol>\n<h3>Tests unter realistischen Bedingungen &#8211; Energieeinsparung im Praxiseinsatz<\/h3>\n<p><span style=\"font-weight: 400;\">Die ersten Tests wurden mit einem K\u00fchlauflieger in einer Klimakammer bei 28-29\u00b0C durchgef\u00fchrt. Die T\u00fcren wurden w\u00e4hrend eines 6-Stunden-Zeitraums jede Stunde 15 Minuten ge\u00f6ffnet. Die Ladung bestand aus 1-Liter-Wasserpackungen, gestapelt auf Paletten mit einem Gesamtgewicht von 8.800 kg. Zieltemperatur: 4-5\u00b0C.<\/span><\/p>\n<p><span style=\"font-weight: 400;\">Ohne Luftschleier:<\/span><\/p>\n<ul>\n<li style=\"font-weight: 400;\" aria-level=\"1\"><span style=\"font-weight: 400;\">Innentemperatur stieg bei T\u00fcr\u00f6ffnungen auf 28\u00b0C.<\/span><\/li>\n<li style=\"font-weight: 400;\" aria-level=\"1\"><span style=\"font-weight: 400;\">Kein<\/span><span style=\"font-weight: 400;\"> Wiederherstellung der <\/span><span style=\"font-weight: 400;\">Zieltemperatur, selbst nach 45 Minuten mit geschlossenen T\u00fcren.<\/span><\/li>\n<li style=\"font-weight: 400;\" aria-level=\"1\"><span style=\"font-weight: 400;\">Produkttemperaturen stiegen bei jeder \u00d6ffnung weiter an (Abbildungen 1a, 2, 3).<\/span><\/li>\n<li style=\"font-weight: 400;\" aria-level=\"1\"><span style=\"font-weight: 400;\">Energieverbrauch K\u00fchlaggregat: 26,5 kWh, ohne stabile Produkttemperatur.<\/span><\/li>\n<\/ul>\n<p><span style=\"font-weight: 400;\">Mit BlueSeal Luftschleier:<\/span><\/p>\n<ul>\n<li style=\"font-weight: 400;\" aria-level=\"1\"><span style=\"font-weight: 400;\">Maximale Innentemperatur von 18\u00b0C nach 6 Stunden (Abbildung 1b).<\/span><\/li>\n<li style=\"font-weight: 400;\" aria-level=\"1\"><span style=\"font-weight: 400;\">Produkttemperaturen blieben nahezu stabil, mit leichten Anstiegen nur in der N\u00e4he der Decke (Abbildungen 2, 3).<\/span><\/li>\n<li style=\"font-weight: 400;\" aria-level=\"1\"><span style=\"font-weight: 400;\">Energieverbrauch: 21,8 kWh (inkl. 3,8 kW Betrieb f\u00fcr BlueSeal).<\/span><\/li>\n<li style=\"font-weight: 400;\" aria-level=\"1\"><span style=\"font-weight: 400;\">Rund 18 % weniger Energieverbrauch, best\u00e4tigt durch unsere Simulationen aus 2019, die ein Einsparpotenzial von 30-40 % aufzeigten.<\/span><\/li>\n<\/ul>\n<h2>Bedeutung f\u00fcr energieeffiziente K\u00fchlfahrzeuge<\/h2>\n<p><span style=\"font-weight: 400;\">Diese Ergebnisse markierten einen Meilenstein in der Geschichte von Luftschleiern f\u00fcr <\/span><span style=\"font-weight: 400;\">den<\/span><span style=\"font-weight: 400;\"> energieeffizienten K\u00fchltransport. Sie belegten, dass ein Luftschleier nicht nur die K\u00fchlkette besser sch\u00fctzt als PVC-Vorh\u00e4nge, sondern auch Kraftstoffverbrauch und Betriebskosten reduziert.<\/span><\/p>\n<p><span style=\"font-weight: 400;\">Die Aufrechterhaltung niedriger Temperaturen bei Mehrstopp-Fahrten verringert das Risiko des Verderbs von Lebensmitteln und pharmazeutischen Produkten erheblich und verl\u00e4ngert die Lebensdauer der K\u00fchlger\u00e4te.<\/span><\/p>\n<h2>Fazit &#8211; BlueSeal als Standard in der modernen K\u00fchlkette<\/h2>\n<p><span style=\"font-weight: 400;\">Was als <\/span><span style=\"font-weight: 400;\">Forschungsprojekt<\/span><span style=\"font-weight: 400;\"> begann, hat sich zu einer weltweit anerkannten Marke f\u00fcr Klimakontrolle in energieeffizienten K\u00fchlfahrzeugen entwickelt.<\/span><\/p>\n<p><span style=\"font-weight: 400;\">Mit einer Pr\u00e4senz in \u00fcber 22 L\u00e4ndern bieten BlueSeal-Produkte &#8211; einschlie\u00dflich kompakter Modelle f\u00fcr Transporter &#8211; messbare Energieeinsparungen und besseren Schutz f\u00fcr temperaturempfindliche Ladungen.<\/span><span style=\"font-weight: 400;\">Die Abbildungen 1a bis 3 bleiben der Beweis: Ein gut konstruierter Luftschleier ist ein unverzichtbarer Bestandteil nachhaltiger und effizienter K\u00fchltransport<\/span><span style=\"font-weight: 400;\">-L<\/span><span style=\"font-weight: 400;\">ogistik.<\/span>[\/vc_column_text][\/vc_column][\/vc_row]<\/p>\n<\/div>","protected":false},"excerpt":{"rendered":"<p>Die Geschichte von Luftschleiern f\u00fcr energieeffizienten K\u00fchltransport begann mit einer Herausforderung: K\u00e4lteverlust bei T\u00fcr\u00f6ffnungen minimieren. Erfahren Sie, wie BlueSeal\u00ae weltweit Kraftstoff spart und die Integrit\u00e4t gek\u00fchlter Ladungen sch\u00fctzt.<\/p>\n","protected":false},"author":3,"featured_media":1347,"comment_status":"closed","ping_status":"closed","sticky":false,"template":"","format":"standard","meta":{"inline_featured_image":false,"footnotes":""},"categories":[47],"tags":[],"class_list":["post-2580","post","type-post","status-publish","format-standard","has-post-thumbnail","hentry","category-insights-de"],"acf":[],"yoast_head":"<!-- This site is optimized with the Yoast SEO plugin v27.4 - https:\/\/yoast.com\/product\/yoast-seo-wordpress\/ -->\n<title>Die Geschichte der Luftschleier f\u00fcr den energieeffizienten K\u00fchltransport | Ursprung von BlueSeal\u00ae<\/title>\n<meta name=\"description\" content=\"Entdecken Sie die Geschichte von Luftschleiern f\u00fcr energieeffizienten K\u00fchltransport und erfahren Sie, wie BlueSeal\u00ae zur f\u00fchrenden L\u00f6sung f\u00fcr die K\u00fchlkette wurde.\" \/>\n<meta name=\"robots\" content=\"index, follow, max-snippet:-1, max-image-preview:large, max-video-preview:-1\" \/>\n<link rel=\"canonical\" href=\"https:\/\/blueseal-aircurtains.com\/de\/2020\/01\/28\/the-origin-of-blueseal-air-curtains-for-transport\/\" \/>\n<meta property=\"og:locale\" content=\"de_DE\" \/>\n<meta property=\"og:type\" content=\"article\" \/>\n<meta property=\"og:title\" content=\"Die Geschichte der Luftschleier f\u00fcr den energieeffizienten K\u00fchltransport | Ursprung von BlueSeal\u00ae\" \/>\n<meta property=\"og:description\" content=\"Entdecken Sie die Geschichte von Luftschleiern f\u00fcr energieeffizienten K\u00fchltransport und erfahren Sie, wie BlueSeal\u00ae zur f\u00fchrenden L\u00f6sung f\u00fcr die K\u00fchlkette wurde.\" \/>\n<meta property=\"og:url\" content=\"https:\/\/blueseal-aircurtains.com\/de\/2020\/01\/28\/the-origin-of-blueseal-air-curtains-for-transport\/\" \/>\n<meta property=\"og:site_name\" content=\"BlueSeal air curtains by Brightec BV\" \/>\n<meta property=\"article:publisher\" content=\"https:\/\/www.facebook.com\/brightecbv\" \/>\n<meta property=\"article:published_time\" content=\"2020-01-28T17:59:47+00:00\" \/>\n<meta property=\"article:modified_time\" content=\"2025-10-01T14:10:52+00:00\" \/>\n<meta property=\"og:image\" content=\"https:\/\/blueseal-aircurtains.com\/wp-content\/uploads\/2024\/11\/prototype-test-diagram-01-2048x1278-1.webp\" \/>\n\t<meta property=\"og:image:width\" content=\"2048\" \/>\n\t<meta property=\"og:image:height\" content=\"1278\" \/>\n\t<meta property=\"og:image:type\" content=\"image\/webp\" \/>\n<meta name=\"author\" content=\"Christiane Wolf\" \/>\n<meta name=\"twitter:card\" content=\"summary_large_image\" \/>\n<meta name=\"twitter:creator\" content=\"@BrightecBv\" \/>\n<meta name=\"twitter:site\" content=\"@BrightecBv\" \/>\n<meta name=\"twitter:label1\" content=\"Verfasst von\" \/>\n\t<meta name=\"twitter:data1\" content=\"Christiane Wolf\" \/>\n\t<meta name=\"twitter:label2\" content=\"Gesch\u00e4tzte Lesezeit\" \/>\n\t<meta name=\"twitter:data2\" content=\"5\u00a0Minuten\" \/>\n<script type=\"application\/ld+json\" class=\"yoast-schema-graph\">{\"@context\":\"https:\\\/\\\/schema.org\",\"@graph\":[{\"@type\":\"Article\",\"@id\":\"https:\\\/\\\/blueseal-aircurtains.com\\\/de\\\/2020\\\/01\\\/28\\\/the-origin-of-blueseal-air-curtains-for-transport\\\/#article\",\"isPartOf\":{\"@id\":\"https:\\\/\\\/blueseal-aircurtains.com\\\/de\\\/2020\\\/01\\\/28\\\/the-origin-of-blueseal-air-curtains-for-transport\\\/\"},\"author\":{\"name\":\"Christiane Wolf\",\"@id\":\"https:\\\/\\\/blueseal-aircurtains.com\\\/de\\\/#\\\/schema\\\/person\\\/b27376fa0d9b473ffdf596e0da884b09\"},\"headline\":\"Die Geschichte der Luftschleier f\u00fcr den energieeffizienten K\u00fchltransport: Die Entstehung von BlueSeal\u00ae\",\"datePublished\":\"2020-01-28T17:59:47+00:00\",\"dateModified\":\"2025-10-01T14:10:52+00:00\",\"mainEntityOfPage\":{\"@id\":\"https:\\\/\\\/blueseal-aircurtains.com\\\/de\\\/2020\\\/01\\\/28\\\/the-origin-of-blueseal-air-curtains-for-transport\\\/\"},\"wordCount\":1013,\"publisher\":{\"@id\":\"https:\\\/\\\/blueseal-aircurtains.com\\\/de\\\/#organization\"},\"image\":{\"@id\":\"https:\\\/\\\/blueseal-aircurtains.com\\\/de\\\/2020\\\/01\\\/28\\\/the-origin-of-blueseal-air-curtains-for-transport\\\/#primaryimage\"},\"thumbnailUrl\":\"https:\\\/\\\/blueseal-aircurtains.com\\\/wp-content\\\/uploads\\\/2024\\\/11\\\/prototype-test-diagram-01-2048x1278-1.webp\",\"articleSection\":[\"Insights\"],\"inLanguage\":\"de\"},{\"@type\":\"WebPage\",\"@id\":\"https:\\\/\\\/blueseal-aircurtains.com\\\/de\\\/2020\\\/01\\\/28\\\/the-origin-of-blueseal-air-curtains-for-transport\\\/\",\"url\":\"https:\\\/\\\/blueseal-aircurtains.com\\\/de\\\/2020\\\/01\\\/28\\\/the-origin-of-blueseal-air-curtains-for-transport\\\/\",\"name\":\"Die Geschichte der Luftschleier f\u00fcr den energieeffizienten K\u00fchltransport | Ursprung von BlueSeal\u00ae\",\"isPartOf\":{\"@id\":\"https:\\\/\\\/blueseal-aircurtains.com\\\/de\\\/#website\"},\"primaryImageOfPage\":{\"@id\":\"https:\\\/\\\/blueseal-aircurtains.com\\\/de\\\/2020\\\/01\\\/28\\\/the-origin-of-blueseal-air-curtains-for-transport\\\/#primaryimage\"},\"image\":{\"@id\":\"https:\\\/\\\/blueseal-aircurtains.com\\\/de\\\/2020\\\/01\\\/28\\\/the-origin-of-blueseal-air-curtains-for-transport\\\/#primaryimage\"},\"thumbnailUrl\":\"https:\\\/\\\/blueseal-aircurtains.com\\\/wp-content\\\/uploads\\\/2024\\\/11\\\/prototype-test-diagram-01-2048x1278-1.webp\",\"datePublished\":\"2020-01-28T17:59:47+00:00\",\"dateModified\":\"2025-10-01T14:10:52+00:00\",\"description\":\"Entdecken Sie die Geschichte von Luftschleiern f\u00fcr energieeffizienten K\u00fchltransport und erfahren Sie, wie BlueSeal\u00ae zur f\u00fchrenden L\u00f6sung f\u00fcr die K\u00fchlkette wurde.\",\"breadcrumb\":{\"@id\":\"https:\\\/\\\/blueseal-aircurtains.com\\\/de\\\/2020\\\/01\\\/28\\\/the-origin-of-blueseal-air-curtains-for-transport\\\/#breadcrumb\"},\"inLanguage\":\"de\",\"potentialAction\":[{\"@type\":\"ReadAction\",\"target\":[\"https:\\\/\\\/blueseal-aircurtains.com\\\/de\\\/2020\\\/01\\\/28\\\/the-origin-of-blueseal-air-curtains-for-transport\\\/\"]}]},{\"@type\":\"ImageObject\",\"inLanguage\":\"de\",\"@id\":\"https:\\\/\\\/blueseal-aircurtains.com\\\/de\\\/2020\\\/01\\\/28\\\/the-origin-of-blueseal-air-curtains-for-transport\\\/#primaryimage\",\"url\":\"https:\\\/\\\/blueseal-aircurtains.com\\\/wp-content\\\/uploads\\\/2024\\\/11\\\/prototype-test-diagram-01-2048x1278-1.webp\",\"contentUrl\":\"https:\\\/\\\/blueseal-aircurtains.com\\\/wp-content\\\/uploads\\\/2024\\\/11\\\/prototype-test-diagram-01-2048x1278-1.webp\",\"width\":2048,\"height\":1278,\"caption\":\"The origin of BlueSeal air curtains for transport\"},{\"@type\":\"BreadcrumbList\",\"@id\":\"https:\\\/\\\/blueseal-aircurtains.com\\\/de\\\/2020\\\/01\\\/28\\\/the-origin-of-blueseal-air-curtains-for-transport\\\/#breadcrumb\",\"itemListElement\":[{\"@type\":\"ListItem\",\"position\":1,\"name\":\"Home\",\"item\":\"https:\\\/\\\/blueseal-aircurtains.com\\\/de\\\/\"},{\"@type\":\"ListItem\",\"position\":2,\"name\":\"Die Geschichte der Luftschleier f\u00fcr den energieeffizienten K\u00fchltransport: Die Entstehung von BlueSeal\u00ae\"}]},{\"@type\":\"WebSite\",\"@id\":\"https:\\\/\\\/blueseal-aircurtains.com\\\/de\\\/#website\",\"url\":\"https:\\\/\\\/blueseal-aircurtains.com\\\/de\\\/\",\"name\":\"BlueSeal air curtains by Brightec BV\",\"description\":\"Air curtains for temperature controlled transport\",\"publisher\":{\"@id\":\"https:\\\/\\\/blueseal-aircurtains.com\\\/de\\\/#organization\"},\"alternateName\":\"Brightec B.V.\",\"potentialAction\":[{\"@type\":\"SearchAction\",\"target\":{\"@type\":\"EntryPoint\",\"urlTemplate\":\"https:\\\/\\\/blueseal-aircurtains.com\\\/de\\\/?s={search_term_string}\"},\"query-input\":{\"@type\":\"PropertyValueSpecification\",\"valueRequired\":true,\"valueName\":\"search_term_string\"}}],\"inLanguage\":\"de\"},{\"@type\":\"Organization\",\"@id\":\"https:\\\/\\\/blueseal-aircurtains.com\\\/de\\\/#organization\",\"name\":\"BlueSeal air curtains by Brightec BV\",\"alternateName\":\"Brightec B.V.\",\"url\":\"https:\\\/\\\/blueseal-aircurtains.com\\\/de\\\/\",\"logo\":{\"@type\":\"ImageObject\",\"inLanguage\":\"de\",\"@id\":\"https:\\\/\\\/blueseal-aircurtains.com\\\/de\\\/#\\\/schema\\\/logo\\\/image\\\/\",\"url\":\"https:\\\/\\\/blueseal-aircurtains.com\\\/wp-content\\\/uploads\\\/2024\\\/07\\\/blueseal-logo-colored.svg\",\"contentUrl\":\"https:\\\/\\\/blueseal-aircurtains.com\\\/wp-content\\\/uploads\\\/2024\\\/07\\\/blueseal-logo-colored.svg\",\"width\":240,\"height\":51,\"caption\":\"BlueSeal air curtains by Brightec BV\"},\"image\":{\"@id\":\"https:\\\/\\\/blueseal-aircurtains.com\\\/de\\\/#\\\/schema\\\/logo\\\/image\\\/\"},\"sameAs\":[\"https:\\\/\\\/www.facebook.com\\\/brightecbv\",\"https:\\\/\\\/x.com\\\/BrightecBv\"]},{\"@type\":\"Person\",\"@id\":\"https:\\\/\\\/blueseal-aircurtains.com\\\/de\\\/#\\\/schema\\\/person\\\/b27376fa0d9b473ffdf596e0da884b09\",\"name\":\"Christiane Wolf\",\"image\":{\"@type\":\"ImageObject\",\"inLanguage\":\"de\",\"@id\":\"https:\\\/\\\/secure.gravatar.com\\\/avatar\\\/757f3ebba9e046748f2bdf17e999d7c796c1be5e02fc6a0e33818216cdd7bef2?s=96&d=mm&r=g\",\"url\":\"https:\\\/\\\/secure.gravatar.com\\\/avatar\\\/757f3ebba9e046748f2bdf17e999d7c796c1be5e02fc6a0e33818216cdd7bef2?s=96&d=mm&r=g\",\"contentUrl\":\"https:\\\/\\\/secure.gravatar.com\\\/avatar\\\/757f3ebba9e046748f2bdf17e999d7c796c1be5e02fc6a0e33818216cdd7bef2?s=96&d=mm&r=g\",\"caption\":\"Christiane Wolf\"},\"url\":\"https:\\\/\\\/blueseal-aircurtains.com\\\/de\\\/author\\\/christiane\\\/\"}]}<\/script>\n<!-- \/ Yoast SEO plugin. -->","yoast_head_json":{"title":"Die Geschichte der Luftschleier f\u00fcr den energieeffizienten K\u00fchltransport | Ursprung von BlueSeal\u00ae","description":"Entdecken Sie die Geschichte von Luftschleiern f\u00fcr energieeffizienten K\u00fchltransport und erfahren Sie, wie BlueSeal\u00ae zur f\u00fchrenden L\u00f6sung f\u00fcr die K\u00fchlkette wurde.","robots":{"index":"index","follow":"follow","max-snippet":"max-snippet:-1","max-image-preview":"max-image-preview:large","max-video-preview":"max-video-preview:-1"},"canonical":"https:\/\/blueseal-aircurtains.com\/de\/2020\/01\/28\/the-origin-of-blueseal-air-curtains-for-transport\/","og_locale":"de_DE","og_type":"article","og_title":"Die Geschichte der Luftschleier f\u00fcr den energieeffizienten K\u00fchltransport | Ursprung von BlueSeal\u00ae","og_description":"Entdecken Sie die Geschichte von Luftschleiern f\u00fcr energieeffizienten K\u00fchltransport und erfahren Sie, wie BlueSeal\u00ae zur f\u00fchrenden L\u00f6sung f\u00fcr die K\u00fchlkette wurde.","og_url":"https:\/\/blueseal-aircurtains.com\/de\/2020\/01\/28\/the-origin-of-blueseal-air-curtains-for-transport\/","og_site_name":"BlueSeal air curtains by Brightec BV","article_publisher":"https:\/\/www.facebook.com\/brightecbv","article_published_time":"2020-01-28T17:59:47+00:00","article_modified_time":"2025-10-01T14:10:52+00:00","og_image":[{"width":2048,"height":1278,"url":"https:\/\/blueseal-aircurtains.com\/wp-content\/uploads\/2024\/11\/prototype-test-diagram-01-2048x1278-1.webp","type":"image\/webp"}],"author":"Christiane Wolf","twitter_card":"summary_large_image","twitter_creator":"@BrightecBv","twitter_site":"@BrightecBv","twitter_misc":{"Verfasst von":"Christiane Wolf","Gesch\u00e4tzte Lesezeit":"5\u00a0Minuten"},"schema":{"@context":"https:\/\/schema.org","@graph":[{"@type":"Article","@id":"https:\/\/blueseal-aircurtains.com\/de\/2020\/01\/28\/the-origin-of-blueseal-air-curtains-for-transport\/#article","isPartOf":{"@id":"https:\/\/blueseal-aircurtains.com\/de\/2020\/01\/28\/the-origin-of-blueseal-air-curtains-for-transport\/"},"author":{"name":"Christiane Wolf","@id":"https:\/\/blueseal-aircurtains.com\/de\/#\/schema\/person\/b27376fa0d9b473ffdf596e0da884b09"},"headline":"Die Geschichte der Luftschleier f\u00fcr den energieeffizienten K\u00fchltransport: Die Entstehung von BlueSeal\u00ae","datePublished":"2020-01-28T17:59:47+00:00","dateModified":"2025-10-01T14:10:52+00:00","mainEntityOfPage":{"@id":"https:\/\/blueseal-aircurtains.com\/de\/2020\/01\/28\/the-origin-of-blueseal-air-curtains-for-transport\/"},"wordCount":1013,"publisher":{"@id":"https:\/\/blueseal-aircurtains.com\/de\/#organization"},"image":{"@id":"https:\/\/blueseal-aircurtains.com\/de\/2020\/01\/28\/the-origin-of-blueseal-air-curtains-for-transport\/#primaryimage"},"thumbnailUrl":"https:\/\/blueseal-aircurtains.com\/wp-content\/uploads\/2024\/11\/prototype-test-diagram-01-2048x1278-1.webp","articleSection":["Insights"],"inLanguage":"de"},{"@type":"WebPage","@id":"https:\/\/blueseal-aircurtains.com\/de\/2020\/01\/28\/the-origin-of-blueseal-air-curtains-for-transport\/","url":"https:\/\/blueseal-aircurtains.com\/de\/2020\/01\/28\/the-origin-of-blueseal-air-curtains-for-transport\/","name":"Die Geschichte der Luftschleier f\u00fcr den energieeffizienten K\u00fchltransport | Ursprung von BlueSeal\u00ae","isPartOf":{"@id":"https:\/\/blueseal-aircurtains.com\/de\/#website"},"primaryImageOfPage":{"@id":"https:\/\/blueseal-aircurtains.com\/de\/2020\/01\/28\/the-origin-of-blueseal-air-curtains-for-transport\/#primaryimage"},"image":{"@id":"https:\/\/blueseal-aircurtains.com\/de\/2020\/01\/28\/the-origin-of-blueseal-air-curtains-for-transport\/#primaryimage"},"thumbnailUrl":"https:\/\/blueseal-aircurtains.com\/wp-content\/uploads\/2024\/11\/prototype-test-diagram-01-2048x1278-1.webp","datePublished":"2020-01-28T17:59:47+00:00","dateModified":"2025-10-01T14:10:52+00:00","description":"Entdecken Sie die Geschichte von Luftschleiern f\u00fcr energieeffizienten K\u00fchltransport und erfahren Sie, wie BlueSeal\u00ae zur f\u00fchrenden L\u00f6sung f\u00fcr die K\u00fchlkette wurde.","breadcrumb":{"@id":"https:\/\/blueseal-aircurtains.com\/de\/2020\/01\/28\/the-origin-of-blueseal-air-curtains-for-transport\/#breadcrumb"},"inLanguage":"de","potentialAction":[{"@type":"ReadAction","target":["https:\/\/blueseal-aircurtains.com\/de\/2020\/01\/28\/the-origin-of-blueseal-air-curtains-for-transport\/"]}]},{"@type":"ImageObject","inLanguage":"de","@id":"https:\/\/blueseal-aircurtains.com\/de\/2020\/01\/28\/the-origin-of-blueseal-air-curtains-for-transport\/#primaryimage","url":"https:\/\/blueseal-aircurtains.com\/wp-content\/uploads\/2024\/11\/prototype-test-diagram-01-2048x1278-1.webp","contentUrl":"https:\/\/blueseal-aircurtains.com\/wp-content\/uploads\/2024\/11\/prototype-test-diagram-01-2048x1278-1.webp","width":2048,"height":1278,"caption":"The origin of BlueSeal air curtains for transport"},{"@type":"BreadcrumbList","@id":"https:\/\/blueseal-aircurtains.com\/de\/2020\/01\/28\/the-origin-of-blueseal-air-curtains-for-transport\/#breadcrumb","itemListElement":[{"@type":"ListItem","position":1,"name":"Home","item":"https:\/\/blueseal-aircurtains.com\/de\/"},{"@type":"ListItem","position":2,"name":"Die Geschichte der Luftschleier f\u00fcr den energieeffizienten K\u00fchltransport: Die Entstehung von BlueSeal\u00ae"}]},{"@type":"WebSite","@id":"https:\/\/blueseal-aircurtains.com\/de\/#website","url":"https:\/\/blueseal-aircurtains.com\/de\/","name":"BlueSeal air curtains by Brightec BV","description":"Air curtains for temperature controlled transport","publisher":{"@id":"https:\/\/blueseal-aircurtains.com\/de\/#organization"},"alternateName":"Brightec B.V.","potentialAction":[{"@type":"SearchAction","target":{"@type":"EntryPoint","urlTemplate":"https:\/\/blueseal-aircurtains.com\/de\/?s={search_term_string}"},"query-input":{"@type":"PropertyValueSpecification","valueRequired":true,"valueName":"search_term_string"}}],"inLanguage":"de"},{"@type":"Organization","@id":"https:\/\/blueseal-aircurtains.com\/de\/#organization","name":"BlueSeal air curtains by Brightec BV","alternateName":"Brightec B.V.","url":"https:\/\/blueseal-aircurtains.com\/de\/","logo":{"@type":"ImageObject","inLanguage":"de","@id":"https:\/\/blueseal-aircurtains.com\/de\/#\/schema\/logo\/image\/","url":"https:\/\/blueseal-aircurtains.com\/wp-content\/uploads\/2024\/07\/blueseal-logo-colored.svg","contentUrl":"https:\/\/blueseal-aircurtains.com\/wp-content\/uploads\/2024\/07\/blueseal-logo-colored.svg","width":240,"height":51,"caption":"BlueSeal air curtains by Brightec BV"},"image":{"@id":"https:\/\/blueseal-aircurtains.com\/de\/#\/schema\/logo\/image\/"},"sameAs":["https:\/\/www.facebook.com\/brightecbv","https:\/\/x.com\/BrightecBv"]},{"@type":"Person","@id":"https:\/\/blueseal-aircurtains.com\/de\/#\/schema\/person\/b27376fa0d9b473ffdf596e0da884b09","name":"Christiane Wolf","image":{"@type":"ImageObject","inLanguage":"de","@id":"https:\/\/secure.gravatar.com\/avatar\/757f3ebba9e046748f2bdf17e999d7c796c1be5e02fc6a0e33818216cdd7bef2?s=96&d=mm&r=g","url":"https:\/\/secure.gravatar.com\/avatar\/757f3ebba9e046748f2bdf17e999d7c796c1be5e02fc6a0e33818216cdd7bef2?s=96&d=mm&r=g","contentUrl":"https:\/\/secure.gravatar.com\/avatar\/757f3ebba9e046748f2bdf17e999d7c796c1be5e02fc6a0e33818216cdd7bef2?s=96&d=mm&r=g","caption":"Christiane Wolf"},"url":"https:\/\/blueseal-aircurtains.com\/de\/author\/christiane\/"}]}},"_links":{"self":[{"href":"https:\/\/blueseal-aircurtains.com\/de\/wp-json\/wp\/v2\/posts\/2580","targetHints":{"allow":["GET"]}}],"collection":[{"href":"https:\/\/blueseal-aircurtains.com\/de\/wp-json\/wp\/v2\/posts"}],"about":[{"href":"https:\/\/blueseal-aircurtains.com\/de\/wp-json\/wp\/v2\/types\/post"}],"author":[{"embeddable":true,"href":"https:\/\/blueseal-aircurtains.com\/de\/wp-json\/wp\/v2\/users\/3"}],"replies":[{"embeddable":true,"href":"https:\/\/blueseal-aircurtains.com\/de\/wp-json\/wp\/v2\/comments?post=2580"}],"version-history":[{"count":7,"href":"https:\/\/blueseal-aircurtains.com\/de\/wp-json\/wp\/v2\/posts\/2580\/revisions"}],"predecessor-version":[{"id":4199,"href":"https:\/\/blueseal-aircurtains.com\/de\/wp-json\/wp\/v2\/posts\/2580\/revisions\/4199"}],"wp:featuredmedia":[{"embeddable":true,"href":"https:\/\/blueseal-aircurtains.com\/de\/wp-json\/wp\/v2\/media\/1347"}],"wp:attachment":[{"href":"https:\/\/blueseal-aircurtains.com\/de\/wp-json\/wp\/v2\/media?parent=2580"}],"wp:term":[{"taxonomy":"category","embeddable":true,"href":"https:\/\/blueseal-aircurtains.com\/de\/wp-json\/wp\/v2\/categories?post=2580"},{"taxonomy":"post_tag","embeddable":true,"href":"https:\/\/blueseal-aircurtains.com\/de\/wp-json\/wp\/v2\/tags?post=2580"}],"curies":[{"name":"wp","href":"https:\/\/api.w.org\/{rel}","templated":true}]}}