{"id":2445,"date":"2020-07-20T17:12:21","date_gmt":"2020-07-20T17:12:21","guid":{"rendered":"https:\/\/blueseal-aircurtains.com\/2020\/07\/20\/advantage-of-blueseal-air-curtain-in-a-vehicle\/"},"modified":"2025-10-01T13:07:04","modified_gmt":"2025-10-01T13:07:04","slug":"advantage-of-blueseal-air-curtain-in-a-vehicle","status":"publish","type":"post","link":"https:\/\/blueseal-aircurtains.com\/de\/2020\/07\/20\/advantage-of-blueseal-air-curtain-in-a-vehicle\/","title":{"rendered":"Der Vorteil des BlueSeal-Luftschleiers in einem Fahrzeug mit zwei und drei Heckt\u00fcren"},"content":{"rendered":"<div class=\"wpb-content-wrapper\"><p>[vc_row css_animation=&#8220;&#8220; row_type=&#8220;row&#8220; use_row_as_full_screen_section=&#8220;no&#8220; type=&#8220;full_width&#8220; angled_section=&#8220;no&#8220; text_align=&#8220;left&#8220; background_image_as_pattern=&#8220;without_pattern&#8220;][vc_column][vc_column_text css=&#8220;&#8220;]<em>Hinweis: Dieser Artikel wurde maschinell \u00fcbersetzt und kann geringf\u00fcgige Abweichungen enthalten. F\u00fcr die urspr\u00fcngliche (englische) Version dieses Artikels \u00e4ndern Sie bitte die Spracheinstellung auf der Website.<\/em><\/p>\n<p><span style=\"font-weight: 400;\">Die Luftschleier von BlueSeal wurden in realen und simulierten Bedingungen <\/span><span style=\"font-weight: 400;\">umfassend <\/span><span style=\"font-weight: 400;\">getestet, um ihre Wirksamkeit bei der Reduzierung des Energieverbrauchs in der Transportk\u00fchlung und beim Schutz der Produktqualit\u00e4t zu bewerten.<\/span><\/p>\n<p><span style=\"font-weight: 400;\">Diese <\/span><span style=\"font-weight: 400;\">Studie<\/span><span style=\"font-weight: 400;\"> konzentriert sich auf die Leistung in einem 7,5-Meter-Lkw bei verschiedenen Konfigurationen der hinteren T\u00fcr\u00f6ffnung &#8211; <\/span><span style=\"font-weight: 400;\">vollst\u00e4ndig, halb und zu einem Drittel<\/span><span style=\"font-weight: 400;\"> &#8211; um zu <\/span><span style=\"font-weight: 400;\">ermitteln<\/span><span style=\"font-weight: 400;\">, wie sich das <\/span><span style=\"font-weight: 400;\">jeweilige<\/span><span style=\"font-weight: 400;\"> Szenario auf den Energieverbrauch und die Einhaltung der K\u00fchlkette auswirkt.<\/span><\/p>\n<h2>Warum Luftschleier zur Reduzierung des Energieverbrauchs bei Lkw unverzichtbar sind<\/h2>\n<p><span style=\"font-weight: 400;\">W\u00e4hrend <\/span><span style=\"font-weight: 400;\">der<\/span> <span style=\"font-weight: 400;\">Auslieferungstouren<\/span><span style=\"font-weight: 400;\"> \u00f6ffnen Fahrer oft nur die T\u00fcren, die f\u00fcr das Be- oder Entladen n\u00f6tig sind. Das beeinflusst, wie viel warme Luft eindringt und wie gut kalte Luft erhalten bleibt &#8211; mit direkter Auswirkung auf die Temperaturstabilit\u00e4t und den Energieverbrauch.<\/span><\/p>\n<p><span style=\"font-weight: 400;\">Durch das Verst\u00e4ndnis, wie die \u00d6ffnungsgr\u00f6\u00dfe der T\u00fcr die K\u00fchlketten<\/span><span style=\"font-weight: 400;\">-L<\/span><span style=\"font-weight: 400;\">eistung beeinflusst, k\u00f6nnen Betreiber Luftschleier zur Reduzierung des Energieverbrauchs bei Lkw gezielt so einsetzen, dass Produkte bei optimaler Temperatur bleiben und mehr Stopps pro Tour m\u00f6glich sind.<\/span><\/p>\n<h2>Versuch mit Luftschleiern zur Reduzierung des Energieverbrauchs in Lkw mit Eiscreme<\/h2>\n<p><span style=\"font-weight: 400;\">Speiseeis wurde als Testprodukt gew\u00e4hlt, da es \u00e4u\u00dferst empfindlich auf Temperaturschwankungen reagiert. Schon <\/span><span style=\"font-weight: 400;\">das geringe<\/span><span style=\"font-weight: 400;\"> Antauen und <\/span><span style=\"font-weight: 400;\">erneute<\/span><span style=\"font-weight: 400;\"> Gefrieren beeintr\u00e4chtigen die Struktur, wodurch es sich perfekt f\u00fcr K\u00fchlkettentests eignet.<\/span><\/p>\n<ul>\n<li style=\"font-weight: 400;\" aria-level=\"1\"><span style=\"font-weight: 400;\">Gro\u00dfpackung<\/span><span style=\"font-weight: 400;\">: auf Paletten gestapelt, Tiefe 6 m, H\u00f6he 1,2 m, Breite 2,5 m (Tbulk)<\/span><\/li>\n<li style=\"font-weight: 400;\" aria-level=\"1\"><span style=\"font-weight: 400;\">Einzelverpackungen \u00e0 0,5 kg: direkt der Luft im Laderaum ausgesetzt (Tpackage) &#8211; worst-case Szenario.<\/span><\/li>\n<\/ul>\n<p><span style=\"font-weight: 400;\">Simulation mit Sollwert im Laderaum -25\u00b0C, Au\u00dfentemperatur 35\u00b0C und einer 6-kW-K\u00fchlanlage. Das Modell simulierte 36 Lieferzyklen in 6 Stunden (8 Minuten geschlossen, 2 Minuten ge\u00f6ffnet) f\u00fcr die<\/span><span style=\"font-weight: 400;\"> typische Auslieferung im urbanen Raum<\/span><span style=\"font-weight: 400;\">.<\/span>[\/vc_column_text][\/vc_column][\/vc_row][vc_row css_animation=&#8220;&#8220; row_type=&#8220;row&#8220; use_row_as_full_screen_section=&#8220;no&#8220; type=&#8220;full_width&#8220; angled_section=&#8220;no&#8220; text_align=&#8220;left&#8220; background_image_as_pattern=&#8220;without_pattern&#8220;][vc_column][vc_empty_space][vc_column_text css=&#8220;&#8220;]<\/p>\n<h3><b>Vollst\u00e4ndige \u00d6ffnung (zwei T\u00fcren): Einfluss auf den Energieverbrauch<\/b><\/h3>\n<p>[\/vc_column_text][\/vc_column][\/vc_row][vc_row css_animation=&#8220;&#8220; row_type=&#8220;row&#8220; use_row_as_full_screen_section=&#8220;no&#8220; type=&#8220;full_width&#8220; angled_section=&#8220;no&#8220; text_align=&#8220;left&#8220; background_image_as_pattern=&#8220;without_pattern&#8220; z_index=&#8220;&#8220; padding_top=&#8220;30px&#8220; padding_bottom=&#8220;30px&#8220;][vc_column][vc_single_image image=&#8220;1320&#8243; img_size=&#8220;full&#8220; css=&#8220;&#8220; qode_css_animation=&#8220;&#8220;][\/vc_column][\/vc_row][vc_row css_animation=&#8220;&#8220; row_type=&#8220;row&#8220; use_row_as_full_screen_section=&#8220;no&#8220; type=&#8220;full_width&#8220; angled_section=&#8220;no&#8220; text_align=&#8220;left&#8220; background_image_as_pattern=&#8220;without_pattern&#8220;][vc_column][vc_column_text css=&#8220;&#8220;]<strong>Ohne Luftschleier:<\/strong><\/p>\n<ul>\n<li style=\"font-weight: 400;\" aria-level=\"1\"><span style=\"font-weight: 400;\">Laderaum<\/span><span style=\"font-weight: 400;\">-T<\/span><span style=\"font-weight: 400;\">emperatur steigt um 24\u00b0C in nur 2 Minuten.<\/span><\/li>\n<li style=\"font-weight: 400;\" aria-level=\"1\"><span style=\"font-weight: 400;\">Tpackage \u00fcberschreitet -18\u00b0C nach 7 T\u00fcr\u00f6ffnungen.<\/span><\/li>\n<li style=\"font-weight: 400;\" aria-level=\"1\"><span style=\"font-weight: 400;\">Nach 6 h: Tbulk -10\u00b0C, Tpackage -3\u00b0C &#8211; unzul\u00e4ssig f\u00fcr Speiseeis<\/span><span style=\"font-weight: 400;\">-T<\/span><span style=\"font-weight: 400;\">ransport.<\/span><\/li>\n<\/ul>\n<p><strong>Mit BlueSeal-Luftschleier:<\/strong><\/p>\n<ul>\n<li style=\"font-weight: 400;\" aria-level=\"1\"><span style=\"font-weight: 400;\">Temperatur-<\/span><span style=\"font-weight: 400;\">A<\/span><span style=\"font-weight: 400;\">nstieg nur 6\u00b0C nach einer \u00d6ffnung.<\/span><\/li>\n<li style=\"font-weight: 400;\" aria-level=\"1\"><span style=\"font-weight: 400;\">Nach 6 h: Tbulk -20\u00b0C, Tpackage -16\u00b0C.<\/span><\/li>\n<li style=\"font-weight: 400;\" aria-level=\"1\"><span style=\"font-weight: 400;\">K\u00fchlleistung deutlich effizienter genutzt.<\/span><\/li>\n<\/ul>\n<p>[\/vc_column_text][\/vc_column][\/vc_row][vc_row css_animation=&#8220;&#8220; row_type=&#8220;row&#8220; use_row_as_full_screen_section=&#8220;no&#8220; type=&#8220;full_width&#8220; angled_section=&#8220;no&#8220; text_align=&#8220;left&#8220; background_image_as_pattern=&#8220;without_pattern&#8220;][vc_column][vc_empty_space][vc_column_text css=&#8220;&#8220;]<\/p>\n<h3><b>\u00d6ffnung zur H\u00e4lfte<\/b><b> (eine T\u00fcr): bessere Energieeffizienz mit Luftschleiern<\/b><\/h3>\n<p>[\/vc_column_text][\/vc_column][\/vc_row][vc_row css_animation=&#8220;&#8220; row_type=&#8220;row&#8220; use_row_as_full_screen_section=&#8220;no&#8220; type=&#8220;full_width&#8220; angled_section=&#8220;no&#8220; text_align=&#8220;left&#8220; background_image_as_pattern=&#8220;without_pattern&#8220; z_index=&#8220;&#8220; padding_top=&#8220;30px&#8220; padding_bottom=&#8220;30px&#8220;][vc_column][vc_single_image image=&#8220;1324&#8243; img_size=&#8220;full&#8220; css=&#8220;&#8220; qode_css_animation=&#8220;&#8220;][\/vc_column][\/vc_row][vc_row css_animation=&#8220;&#8220; row_type=&#8220;row&#8220; use_row_as_full_screen_section=&#8220;no&#8220; type=&#8220;full_width&#8220; angled_section=&#8220;no&#8220; text_align=&#8220;left&#8220; background_image_as_pattern=&#8220;without_pattern&#8220;][vc_column][vc_column_text css=&#8220;&#8220;]<strong>Ohne Luftschleier:<\/strong><\/p>\n<ul>\n<li style=\"font-weight: 400;\" aria-level=\"1\"><span style=\"font-weight: 400;\">Temperatur-<\/span><span style=\"font-weight: 400;\">A<\/span><span style=\"font-weight: 400;\">nstieg um 20\u00b0C.<\/span><\/li>\n<li style=\"font-weight: 400;\" aria-level=\"1\"><span style=\"font-weight: 400;\">Nach 6 h: Tbulk -14\u00b0C, Tpackage -9\u00b0C.<\/span><\/li>\n<\/ul>\n<p><strong>Mit BlueSeal-Luftschleier:<\/strong><\/p>\n<ul>\n<li style=\"font-weight: 400;\" aria-level=\"1\"><span style=\"font-weight: 400;\">Temperatur-<\/span><span style=\"font-weight: 400;\">A<\/span><span style=\"font-weight: 400;\">nstieg nur -2\u00b0C.<\/span><\/li>\n<li style=\"font-weight: 400;\" aria-level=\"1\"><span style=\"font-weight: 400;\">Nach 6 h: Tbulk und Tpackage bei -23\u00b0C.<\/span><\/li>\n<li style=\"font-weight: 400;\" aria-level=\"1\">Weniger Einschaltzyklen des K\u00fchl-Aggregats = geringerer Energieverbrauch.<\/li>\n<\/ul>\n<p>[\/vc_column_text][\/vc_column][\/vc_row][vc_row css_animation=&#8220;&#8220; row_type=&#8220;row&#8220; use_row_as_full_screen_section=&#8220;no&#8220; type=&#8220;full_width&#8220; angled_section=&#8220;no&#8220; text_align=&#8220;left&#8220; background_image_as_pattern=&#8220;without_pattern&#8220;][vc_column][vc_empty_space][vc_column_text css=&#8220;&#8220;]<\/p>\n<h3><b>Ein-Drittel-\u00d6ffnung: energieeffizienteste Konfiguration<\/b><\/h3>\n<p>[\/vc_column_text][\/vc_column][\/vc_row][vc_row css_animation=&#8220;&#8220; row_type=&#8220;row&#8220; use_row_as_full_screen_section=&#8220;no&#8220; type=&#8220;full_width&#8220; angled_section=&#8220;no&#8220; text_align=&#8220;left&#8220; background_image_as_pattern=&#8220;without_pattern&#8220; z_index=&#8220;&#8220; padding_top=&#8220;30px&#8220; padding_bottom=&#8220;30px&#8220;][vc_column width=&#8220;2\/3&#8243;][vc_single_image image=&#8220;1333&#8243; img_size=&#8220;full&#8220; css=&#8220;&#8220; qode_css_animation=&#8220;&#8220;][\/vc_column][vc_column width=&#8220;1\/3&#8243;][\/vc_column][\/vc_row][vc_row css_animation=&#8220;&#8220; row_type=&#8220;row&#8220; use_row_as_full_screen_section=&#8220;no&#8220; type=&#8220;full_width&#8220; angled_section=&#8220;no&#8220; text_align=&#8220;left&#8220; background_image_as_pattern=&#8220;without_pattern&#8220;][vc_column][vc_column_text css=&#8220;&#8220;]<strong>Ohne Luftschleier:<\/strong><\/p>\n<ul>\n<li style=\"font-weight: 400;\" aria-level=\"1\"><span style=\"font-weight: 400;\">Nach 6 h: Tbulk -18\u00b0C, Tpackage -14\u00b0C &#8211; oberhalb der ATP-Grenze.<\/span><\/li>\n<\/ul>\n<p><strong>Mit BlueSeal-Luftschleier:<\/strong><\/p>\n<ul>\n<li style=\"font-weight: 400;\" aria-level=\"1\"><span style=\"font-weight: 400;\">Nach 6 h: Tbulk und Tpackage deutlich unter -18\u00b0C (Tpackage -25\u00b0C).<\/span><\/li>\n<li style=\"font-weight: 400;\" aria-level=\"1\"><span style=\"font-weight: 400;\">Geringster Energiebedarf aller getesteten Szenarien.<\/span><\/li>\n<\/ul>\n<p>[\/vc_column_text][\/vc_column][\/vc_row][vc_row css_animation=&#8220;&#8220; row_type=&#8220;row&#8220; use_row_as_full_screen_section=&#8220;no&#8220; type=&#8220;full_width&#8220; angled_section=&#8220;no&#8220; text_align=&#8220;left&#8220; background_image_as_pattern=&#8220;without_pattern&#8220; z_index=&#8220;&#8220; padding_top=&#8220;30px&#8220; padding_bottom=&#8220;30px&#8220;][vc_column width=&#8220;2\/3&#8243;][vc_single_image image=&#8220;1338&#8243; img_size=&#8220;full&#8220; css=&#8220;&#8220; qode_css_animation=&#8220;&#8220;][\/vc_column][vc_column width=&#8220;1\/3&#8243;][\/vc_column][\/vc_row][vc_row css_animation=&#8220;&#8220; row_type=&#8220;row&#8220; use_row_as_full_screen_section=&#8220;no&#8220; type=&#8220;full_width&#8220; angled_section=&#8220;no&#8220; text_align=&#8220;left&#8220; background_image_as_pattern=&#8220;without_pattern&#8220;][vc_column][vc_empty_space][vc_column_text css=&#8220;&#8220;]<\/p>\n<h2>Fazit zu Luftschleiern zur Reduzierung des Energieverbrauchs bei Lkw:<\/h2>\n<ul>\n<li style=\"font-weight: 400;\" aria-level=\"1\"><span style=\"font-weight: 400;\">Ohne Luftschleier ist die K\u00fchlkette instabil, besonders bei h\u00e4ufigen oder gro\u00dfen T\u00fcr\u00f6ffnungen.<\/span><\/li>\n<li style=\"font-weight: 400;\" aria-level=\"1\"><span style=\"font-weight: 400;\">Mit BlueSeal-Luftschleier bleiben die Temperaturen in fast allen Szenarien innerhalb der ATP-Grenzen, und der Energieverbrauch der K\u00fchlaggregate wird deutlich gesenkt.<\/span><\/li>\n<li style=\"font-weight: 400;\" aria-level=\"1\"><span style=\"font-weight: 400;\">Ein-Drittel-\u00d6ffnung mit BlueSeal ist die beste Kombination f\u00fcr Energieeinsparung und Produktschutz.<\/span><\/li>\n<\/ul>\n<p><span style=\"font-weight: 400;\">Mit Luftschleiern zur Reduzierung des Energieverbrauchs bei Lkw erreichen Betreiber:<\/span><\/p>\n<ol>\n<li style=\"font-weight: 400;\" aria-level=\"1\"><span style=\"font-weight: 400;\">Geringere Kraftstoff- und Stromkosten f\u00fcr K\u00fchlaggregate.<\/span><\/li>\n<li style=\"font-weight: 400;\" aria-level=\"1\"><span style=\"font-weight: 400;\">L\u00e4ngere K\u00fchlketten-Stabilit\u00e4t w\u00e4hrend der Auslieferung.<\/span><\/li>\n<li style=\"font-weight: 400;\" aria-level=\"1\"><span style=\"font-weight: 400;\">H\u00f6here Produktqualit\u00e4t bei Ankunft.<\/span><\/li>\n<\/ol>\n<p>[\/vc_column_text][\/vc_column][\/vc_row]<\/p>\n<\/div>","protected":false},"excerpt":{"rendered":"<p>Die Luftschleier zur Reduzierung des Energieverbrauchs bei Lkw von BlueSeal halten die K\u00fchlkette w\u00e4hrend der Lieferung stabil, senken die K\u00fchllast um bis zu 45 %, reduzieren Energie- und Kraftstoffkosten und sorgen daf\u00fcr, dass Produkte in optimalem Zustand ankommen.<\/p>\n","protected":false},"author":3,"featured_media":1318,"comment_status":"closed","ping_status":"closed","sticky":false,"template":"","format":"standard","meta":{"inline_featured_image":false,"footnotes":""},"categories":[47],"tags":[],"class_list":["post-2445","post","type-post","status-publish","format-standard","has-post-thumbnail","hentry","category-insights-de"],"acf":[],"yoast_head":"<!-- This site is optimized with the Yoast SEO plugin v27.4 - https:\/\/yoast.com\/product\/yoast-seo-wordpress\/ -->\n<title>Luftschleier zur Reduzierung des Energieverbrauchs bei Lkw | BlueSeal<\/title>\n<meta name=\"description\" content=\"BlueSeal-Luftschleier reduzieren den Energieverbrauch bei Lkw, sichern die K\u00fchlkette und senken K\u00fchl- und Kraftstoffkosten.\" \/>\n<meta name=\"robots\" content=\"index, follow, max-snippet:-1, max-image-preview:large, max-video-preview:-1\" \/>\n<link rel=\"canonical\" href=\"https:\/\/blueseal-aircurtains.com\/de\/2020\/07\/20\/advantage-of-blueseal-air-curtain-in-a-vehicle\/\" \/>\n<meta property=\"og:locale\" content=\"de_DE\" \/>\n<meta property=\"og:type\" content=\"article\" \/>\n<meta property=\"og:title\" content=\"Luftschleier zur Reduzierung des Energieverbrauchs bei Lkw | BlueSeal\" \/>\n<meta property=\"og:description\" content=\"BlueSeal-Luftschleier reduzieren den Energieverbrauch bei Lkw, sichern die K\u00fchlkette und senken K\u00fchl- und Kraftstoffkosten.\" \/>\n<meta property=\"og:url\" content=\"https:\/\/blueseal-aircurtains.com\/de\/2020\/07\/20\/advantage-of-blueseal-air-curtain-in-a-vehicle\/\" \/>\n<meta property=\"og:site_name\" content=\"BlueSeal air curtains by Brightec BV\" \/>\n<meta property=\"article:publisher\" content=\"https:\/\/www.facebook.com\/brightecbv\" \/>\n<meta property=\"article:published_time\" content=\"2020-07-20T17:12:21+00:00\" \/>\n<meta property=\"article:modified_time\" content=\"2025-10-01T13:07:04+00:00\" \/>\n<meta property=\"og:image\" content=\"https:\/\/blueseal-aircurtains.com\/wp-content\/uploads\/2024\/11\/sep-nov-2021_3-03-980x559-1.jpg\" \/>\n\t<meta property=\"og:image:width\" content=\"980\" \/>\n\t<meta property=\"og:image:height\" content=\"559\" \/>\n\t<meta property=\"og:image:type\" content=\"image\/jpeg\" \/>\n<meta name=\"author\" content=\"Christiane Wolf\" \/>\n<meta name=\"twitter:card\" content=\"summary_large_image\" \/>\n<meta name=\"twitter:creator\" content=\"@BrightecBv\" \/>\n<meta name=\"twitter:site\" content=\"@BrightecBv\" \/>\n<meta name=\"twitter:label1\" content=\"Verfasst von\" \/>\n\t<meta name=\"twitter:data1\" content=\"Christiane Wolf\" \/>\n\t<meta name=\"twitter:label2\" content=\"Gesch\u00e4tzte Lesezeit\" \/>\n\t<meta name=\"twitter:data2\" content=\"4\u00a0Minuten\" \/>\n<script type=\"application\/ld+json\" class=\"yoast-schema-graph\">{\"@context\":\"https:\\\/\\\/schema.org\",\"@graph\":[{\"@type\":\"Article\",\"@id\":\"https:\\\/\\\/blueseal-aircurtains.com\\\/de\\\/2020\\\/07\\\/20\\\/advantage-of-blueseal-air-curtain-in-a-vehicle\\\/#article\",\"isPartOf\":{\"@id\":\"https:\\\/\\\/blueseal-aircurtains.com\\\/de\\\/2020\\\/07\\\/20\\\/advantage-of-blueseal-air-curtain-in-a-vehicle\\\/\"},\"author\":{\"name\":\"Christiane Wolf\",\"@id\":\"https:\\\/\\\/blueseal-aircurtains.com\\\/de\\\/#\\\/schema\\\/person\\\/b27376fa0d9b473ffdf596e0da884b09\"},\"headline\":\"Der Vorteil des BlueSeal-Luftschleiers in einem Fahrzeug mit zwei und drei Heckt\u00fcren\",\"datePublished\":\"2020-07-20T17:12:21+00:00\",\"dateModified\":\"2025-10-01T13:07:04+00:00\",\"mainEntityOfPage\":{\"@id\":\"https:\\\/\\\/blueseal-aircurtains.com\\\/de\\\/2020\\\/07\\\/20\\\/advantage-of-blueseal-air-curtain-in-a-vehicle\\\/\"},\"wordCount\":1145,\"publisher\":{\"@id\":\"https:\\\/\\\/blueseal-aircurtains.com\\\/de\\\/#organization\"},\"image\":{\"@id\":\"https:\\\/\\\/blueseal-aircurtains.com\\\/de\\\/2020\\\/07\\\/20\\\/advantage-of-blueseal-air-curtain-in-a-vehicle\\\/#primaryimage\"},\"thumbnailUrl\":\"https:\\\/\\\/blueseal-aircurtains.com\\\/wp-content\\\/uploads\\\/2024\\\/11\\\/sep-nov-2021_3-03-980x559-1.jpg\",\"articleSection\":[\"Insights\"],\"inLanguage\":\"de\"},{\"@type\":\"WebPage\",\"@id\":\"https:\\\/\\\/blueseal-aircurtains.com\\\/de\\\/2020\\\/07\\\/20\\\/advantage-of-blueseal-air-curtain-in-a-vehicle\\\/\",\"url\":\"https:\\\/\\\/blueseal-aircurtains.com\\\/de\\\/2020\\\/07\\\/20\\\/advantage-of-blueseal-air-curtain-in-a-vehicle\\\/\",\"name\":\"Luftschleier zur Reduzierung des Energieverbrauchs bei Lkw | BlueSeal\",\"isPartOf\":{\"@id\":\"https:\\\/\\\/blueseal-aircurtains.com\\\/de\\\/#website\"},\"primaryImageOfPage\":{\"@id\":\"https:\\\/\\\/blueseal-aircurtains.com\\\/de\\\/2020\\\/07\\\/20\\\/advantage-of-blueseal-air-curtain-in-a-vehicle\\\/#primaryimage\"},\"image\":{\"@id\":\"https:\\\/\\\/blueseal-aircurtains.com\\\/de\\\/2020\\\/07\\\/20\\\/advantage-of-blueseal-air-curtain-in-a-vehicle\\\/#primaryimage\"},\"thumbnailUrl\":\"https:\\\/\\\/blueseal-aircurtains.com\\\/wp-content\\\/uploads\\\/2024\\\/11\\\/sep-nov-2021_3-03-980x559-1.jpg\",\"datePublished\":\"2020-07-20T17:12:21+00:00\",\"dateModified\":\"2025-10-01T13:07:04+00:00\",\"description\":\"BlueSeal-Luftschleier reduzieren den Energieverbrauch bei Lkw, sichern die K\u00fchlkette und senken K\u00fchl- und Kraftstoffkosten.\",\"breadcrumb\":{\"@id\":\"https:\\\/\\\/blueseal-aircurtains.com\\\/de\\\/2020\\\/07\\\/20\\\/advantage-of-blueseal-air-curtain-in-a-vehicle\\\/#breadcrumb\"},\"inLanguage\":\"de\",\"potentialAction\":[{\"@type\":\"ReadAction\",\"target\":[\"https:\\\/\\\/blueseal-aircurtains.com\\\/de\\\/2020\\\/07\\\/20\\\/advantage-of-blueseal-air-curtain-in-a-vehicle\\\/\"]}]},{\"@type\":\"ImageObject\",\"inLanguage\":\"de\",\"@id\":\"https:\\\/\\\/blueseal-aircurtains.com\\\/de\\\/2020\\\/07\\\/20\\\/advantage-of-blueseal-air-curtain-in-a-vehicle\\\/#primaryimage\",\"url\":\"https:\\\/\\\/blueseal-aircurtains.com\\\/wp-content\\\/uploads\\\/2024\\\/11\\\/sep-nov-2021_3-03-980x559-1.jpg\",\"contentUrl\":\"https:\\\/\\\/blueseal-aircurtains.com\\\/wp-content\\\/uploads\\\/2024\\\/11\\\/sep-nov-2021_3-03-980x559-1.jpg\",\"width\":980,\"height\":559,\"caption\":\"The advantage of the BlueSeal air curtain in a vehicle with two and three rear doors\"},{\"@type\":\"BreadcrumbList\",\"@id\":\"https:\\\/\\\/blueseal-aircurtains.com\\\/de\\\/2020\\\/07\\\/20\\\/advantage-of-blueseal-air-curtain-in-a-vehicle\\\/#breadcrumb\",\"itemListElement\":[{\"@type\":\"ListItem\",\"position\":1,\"name\":\"Home\",\"item\":\"https:\\\/\\\/blueseal-aircurtains.com\\\/de\\\/\"},{\"@type\":\"ListItem\",\"position\":2,\"name\":\"Der Vorteil des BlueSeal-Luftschleiers in einem Fahrzeug mit zwei und drei Heckt\u00fcren\"}]},{\"@type\":\"WebSite\",\"@id\":\"https:\\\/\\\/blueseal-aircurtains.com\\\/de\\\/#website\",\"url\":\"https:\\\/\\\/blueseal-aircurtains.com\\\/de\\\/\",\"name\":\"BlueSeal air curtains by Brightec BV\",\"description\":\"Air curtains for temperature controlled transport\",\"publisher\":{\"@id\":\"https:\\\/\\\/blueseal-aircurtains.com\\\/de\\\/#organization\"},\"alternateName\":\"Brightec B.V.\",\"potentialAction\":[{\"@type\":\"SearchAction\",\"target\":{\"@type\":\"EntryPoint\",\"urlTemplate\":\"https:\\\/\\\/blueseal-aircurtains.com\\\/de\\\/?s={search_term_string}\"},\"query-input\":{\"@type\":\"PropertyValueSpecification\",\"valueRequired\":true,\"valueName\":\"search_term_string\"}}],\"inLanguage\":\"de\"},{\"@type\":\"Organization\",\"@id\":\"https:\\\/\\\/blueseal-aircurtains.com\\\/de\\\/#organization\",\"name\":\"BlueSeal air curtains by Brightec BV\",\"alternateName\":\"Brightec B.V.\",\"url\":\"https:\\\/\\\/blueseal-aircurtains.com\\\/de\\\/\",\"logo\":{\"@type\":\"ImageObject\",\"inLanguage\":\"de\",\"@id\":\"https:\\\/\\\/blueseal-aircurtains.com\\\/de\\\/#\\\/schema\\\/logo\\\/image\\\/\",\"url\":\"https:\\\/\\\/blueseal-aircurtains.com\\\/wp-content\\\/uploads\\\/2024\\\/07\\\/blueseal-logo-colored.svg\",\"contentUrl\":\"https:\\\/\\\/blueseal-aircurtains.com\\\/wp-content\\\/uploads\\\/2024\\\/07\\\/blueseal-logo-colored.svg\",\"width\":240,\"height\":51,\"caption\":\"BlueSeal air curtains by Brightec BV\"},\"image\":{\"@id\":\"https:\\\/\\\/blueseal-aircurtains.com\\\/de\\\/#\\\/schema\\\/logo\\\/image\\\/\"},\"sameAs\":[\"https:\\\/\\\/www.facebook.com\\\/brightecbv\",\"https:\\\/\\\/x.com\\\/BrightecBv\"]},{\"@type\":\"Person\",\"@id\":\"https:\\\/\\\/blueseal-aircurtains.com\\\/de\\\/#\\\/schema\\\/person\\\/b27376fa0d9b473ffdf596e0da884b09\",\"name\":\"Christiane Wolf\",\"image\":{\"@type\":\"ImageObject\",\"inLanguage\":\"de\",\"@id\":\"https:\\\/\\\/secure.gravatar.com\\\/avatar\\\/757f3ebba9e046748f2bdf17e999d7c796c1be5e02fc6a0e33818216cdd7bef2?s=96&d=mm&r=g\",\"url\":\"https:\\\/\\\/secure.gravatar.com\\\/avatar\\\/757f3ebba9e046748f2bdf17e999d7c796c1be5e02fc6a0e33818216cdd7bef2?s=96&d=mm&r=g\",\"contentUrl\":\"https:\\\/\\\/secure.gravatar.com\\\/avatar\\\/757f3ebba9e046748f2bdf17e999d7c796c1be5e02fc6a0e33818216cdd7bef2?s=96&d=mm&r=g\",\"caption\":\"Christiane Wolf\"},\"url\":\"https:\\\/\\\/blueseal-aircurtains.com\\\/de\\\/author\\\/christiane\\\/\"}]}<\/script>\n<!-- \/ Yoast SEO plugin. -->","yoast_head_json":{"title":"Luftschleier zur Reduzierung des Energieverbrauchs bei Lkw | BlueSeal","description":"BlueSeal-Luftschleier reduzieren den Energieverbrauch bei Lkw, sichern die K\u00fchlkette und senken K\u00fchl- und Kraftstoffkosten.","robots":{"index":"index","follow":"follow","max-snippet":"max-snippet:-1","max-image-preview":"max-image-preview:large","max-video-preview":"max-video-preview:-1"},"canonical":"https:\/\/blueseal-aircurtains.com\/de\/2020\/07\/20\/advantage-of-blueseal-air-curtain-in-a-vehicle\/","og_locale":"de_DE","og_type":"article","og_title":"Luftschleier zur Reduzierung des Energieverbrauchs bei Lkw | BlueSeal","og_description":"BlueSeal-Luftschleier reduzieren den Energieverbrauch bei Lkw, sichern die K\u00fchlkette und senken K\u00fchl- und Kraftstoffkosten.","og_url":"https:\/\/blueseal-aircurtains.com\/de\/2020\/07\/20\/advantage-of-blueseal-air-curtain-in-a-vehicle\/","og_site_name":"BlueSeal air curtains by Brightec BV","article_publisher":"https:\/\/www.facebook.com\/brightecbv","article_published_time":"2020-07-20T17:12:21+00:00","article_modified_time":"2025-10-01T13:07:04+00:00","og_image":[{"width":980,"height":559,"url":"https:\/\/blueseal-aircurtains.com\/wp-content\/uploads\/2024\/11\/sep-nov-2021_3-03-980x559-1.jpg","type":"image\/jpeg"}],"author":"Christiane Wolf","twitter_card":"summary_large_image","twitter_creator":"@BrightecBv","twitter_site":"@BrightecBv","twitter_misc":{"Verfasst von":"Christiane Wolf","Gesch\u00e4tzte Lesezeit":"4\u00a0Minuten"},"schema":{"@context":"https:\/\/schema.org","@graph":[{"@type":"Article","@id":"https:\/\/blueseal-aircurtains.com\/de\/2020\/07\/20\/advantage-of-blueseal-air-curtain-in-a-vehicle\/#article","isPartOf":{"@id":"https:\/\/blueseal-aircurtains.com\/de\/2020\/07\/20\/advantage-of-blueseal-air-curtain-in-a-vehicle\/"},"author":{"name":"Christiane Wolf","@id":"https:\/\/blueseal-aircurtains.com\/de\/#\/schema\/person\/b27376fa0d9b473ffdf596e0da884b09"},"headline":"Der Vorteil des BlueSeal-Luftschleiers in einem Fahrzeug mit zwei und drei Heckt\u00fcren","datePublished":"2020-07-20T17:12:21+00:00","dateModified":"2025-10-01T13:07:04+00:00","mainEntityOfPage":{"@id":"https:\/\/blueseal-aircurtains.com\/de\/2020\/07\/20\/advantage-of-blueseal-air-curtain-in-a-vehicle\/"},"wordCount":1145,"publisher":{"@id":"https:\/\/blueseal-aircurtains.com\/de\/#organization"},"image":{"@id":"https:\/\/blueseal-aircurtains.com\/de\/2020\/07\/20\/advantage-of-blueseal-air-curtain-in-a-vehicle\/#primaryimage"},"thumbnailUrl":"https:\/\/blueseal-aircurtains.com\/wp-content\/uploads\/2024\/11\/sep-nov-2021_3-03-980x559-1.jpg","articleSection":["Insights"],"inLanguage":"de"},{"@type":"WebPage","@id":"https:\/\/blueseal-aircurtains.com\/de\/2020\/07\/20\/advantage-of-blueseal-air-curtain-in-a-vehicle\/","url":"https:\/\/blueseal-aircurtains.com\/de\/2020\/07\/20\/advantage-of-blueseal-air-curtain-in-a-vehicle\/","name":"Luftschleier zur Reduzierung des Energieverbrauchs bei Lkw | BlueSeal","isPartOf":{"@id":"https:\/\/blueseal-aircurtains.com\/de\/#website"},"primaryImageOfPage":{"@id":"https:\/\/blueseal-aircurtains.com\/de\/2020\/07\/20\/advantage-of-blueseal-air-curtain-in-a-vehicle\/#primaryimage"},"image":{"@id":"https:\/\/blueseal-aircurtains.com\/de\/2020\/07\/20\/advantage-of-blueseal-air-curtain-in-a-vehicle\/#primaryimage"},"thumbnailUrl":"https:\/\/blueseal-aircurtains.com\/wp-content\/uploads\/2024\/11\/sep-nov-2021_3-03-980x559-1.jpg","datePublished":"2020-07-20T17:12:21+00:00","dateModified":"2025-10-01T13:07:04+00:00","description":"BlueSeal-Luftschleier reduzieren den Energieverbrauch bei Lkw, sichern die K\u00fchlkette und senken K\u00fchl- und Kraftstoffkosten.","breadcrumb":{"@id":"https:\/\/blueseal-aircurtains.com\/de\/2020\/07\/20\/advantage-of-blueseal-air-curtain-in-a-vehicle\/#breadcrumb"},"inLanguage":"de","potentialAction":[{"@type":"ReadAction","target":["https:\/\/blueseal-aircurtains.com\/de\/2020\/07\/20\/advantage-of-blueseal-air-curtain-in-a-vehicle\/"]}]},{"@type":"ImageObject","inLanguage":"de","@id":"https:\/\/blueseal-aircurtains.com\/de\/2020\/07\/20\/advantage-of-blueseal-air-curtain-in-a-vehicle\/#primaryimage","url":"https:\/\/blueseal-aircurtains.com\/wp-content\/uploads\/2024\/11\/sep-nov-2021_3-03-980x559-1.jpg","contentUrl":"https:\/\/blueseal-aircurtains.com\/wp-content\/uploads\/2024\/11\/sep-nov-2021_3-03-980x559-1.jpg","width":980,"height":559,"caption":"The advantage of the BlueSeal air curtain in a vehicle with two and three rear doors"},{"@type":"BreadcrumbList","@id":"https:\/\/blueseal-aircurtains.com\/de\/2020\/07\/20\/advantage-of-blueseal-air-curtain-in-a-vehicle\/#breadcrumb","itemListElement":[{"@type":"ListItem","position":1,"name":"Home","item":"https:\/\/blueseal-aircurtains.com\/de\/"},{"@type":"ListItem","position":2,"name":"Der Vorteil des BlueSeal-Luftschleiers in einem Fahrzeug mit zwei und drei Heckt\u00fcren"}]},{"@type":"WebSite","@id":"https:\/\/blueseal-aircurtains.com\/de\/#website","url":"https:\/\/blueseal-aircurtains.com\/de\/","name":"BlueSeal air curtains by Brightec BV","description":"Air curtains for temperature controlled transport","publisher":{"@id":"https:\/\/blueseal-aircurtains.com\/de\/#organization"},"alternateName":"Brightec B.V.","potentialAction":[{"@type":"SearchAction","target":{"@type":"EntryPoint","urlTemplate":"https:\/\/blueseal-aircurtains.com\/de\/?s={search_term_string}"},"query-input":{"@type":"PropertyValueSpecification","valueRequired":true,"valueName":"search_term_string"}}],"inLanguage":"de"},{"@type":"Organization","@id":"https:\/\/blueseal-aircurtains.com\/de\/#organization","name":"BlueSeal air curtains by Brightec BV","alternateName":"Brightec B.V.","url":"https:\/\/blueseal-aircurtains.com\/de\/","logo":{"@type":"ImageObject","inLanguage":"de","@id":"https:\/\/blueseal-aircurtains.com\/de\/#\/schema\/logo\/image\/","url":"https:\/\/blueseal-aircurtains.com\/wp-content\/uploads\/2024\/07\/blueseal-logo-colored.svg","contentUrl":"https:\/\/blueseal-aircurtains.com\/wp-content\/uploads\/2024\/07\/blueseal-logo-colored.svg","width":240,"height":51,"caption":"BlueSeal air curtains by Brightec BV"},"image":{"@id":"https:\/\/blueseal-aircurtains.com\/de\/#\/schema\/logo\/image\/"},"sameAs":["https:\/\/www.facebook.com\/brightecbv","https:\/\/x.com\/BrightecBv"]},{"@type":"Person","@id":"https:\/\/blueseal-aircurtains.com\/de\/#\/schema\/person\/b27376fa0d9b473ffdf596e0da884b09","name":"Christiane Wolf","image":{"@type":"ImageObject","inLanguage":"de","@id":"https:\/\/secure.gravatar.com\/avatar\/757f3ebba9e046748f2bdf17e999d7c796c1be5e02fc6a0e33818216cdd7bef2?s=96&d=mm&r=g","url":"https:\/\/secure.gravatar.com\/avatar\/757f3ebba9e046748f2bdf17e999d7c796c1be5e02fc6a0e33818216cdd7bef2?s=96&d=mm&r=g","contentUrl":"https:\/\/secure.gravatar.com\/avatar\/757f3ebba9e046748f2bdf17e999d7c796c1be5e02fc6a0e33818216cdd7bef2?s=96&d=mm&r=g","caption":"Christiane Wolf"},"url":"https:\/\/blueseal-aircurtains.com\/de\/author\/christiane\/"}]}},"_links":{"self":[{"href":"https:\/\/blueseal-aircurtains.com\/de\/wp-json\/wp\/v2\/posts\/2445","targetHints":{"allow":["GET"]}}],"collection":[{"href":"https:\/\/blueseal-aircurtains.com\/de\/wp-json\/wp\/v2\/posts"}],"about":[{"href":"https:\/\/blueseal-aircurtains.com\/de\/wp-json\/wp\/v2\/types\/post"}],"author":[{"embeddable":true,"href":"https:\/\/blueseal-aircurtains.com\/de\/wp-json\/wp\/v2\/users\/3"}],"replies":[{"embeddable":true,"href":"https:\/\/blueseal-aircurtains.com\/de\/wp-json\/wp\/v2\/comments?post=2445"}],"version-history":[{"count":7,"href":"https:\/\/blueseal-aircurtains.com\/de\/wp-json\/wp\/v2\/posts\/2445\/revisions"}],"predecessor-version":[{"id":4142,"href":"https:\/\/blueseal-aircurtains.com\/de\/wp-json\/wp\/v2\/posts\/2445\/revisions\/4142"}],"wp:featuredmedia":[{"embeddable":true,"href":"https:\/\/blueseal-aircurtains.com\/de\/wp-json\/wp\/v2\/media\/1318"}],"wp:attachment":[{"href":"https:\/\/blueseal-aircurtains.com\/de\/wp-json\/wp\/v2\/media?parent=2445"}],"wp:term":[{"taxonomy":"category","embeddable":true,"href":"https:\/\/blueseal-aircurtains.com\/de\/wp-json\/wp\/v2\/categories?post=2445"},{"taxonomy":"post_tag","embeddable":true,"href":"https:\/\/blueseal-aircurtains.com\/de\/wp-json\/wp\/v2\/tags?post=2445"}],"curies":[{"name":"wp","href":"https:\/\/api.w.org\/{rel}","templated":true}]}}